{"id":1253,"date":"2015-04-17T08:35:16","date_gmt":"2015-04-17T08:35:16","guid":{"rendered":"http:\/\/www.mujerruralemprendedora.com\/es\/?p=1253"},"modified":"2015-04-17T08:36:10","modified_gmt":"2015-04-17T08:36:10","slug":"260-profesionales-de-enfermeria-asisten-a-un-congreso-en-segovia-donde-reflexionar-sobre-la-necesidad-de-avanzar-en-la-mejora-de-las-atenciones-que-reciben-las-personas-mayores","status":"publish","type":"post","link":"http:\/\/www.mujerruralemprendedora.com\/es\/260-profesionales-de-enfermeria-asisten-a-un-congreso-en-segovia-donde-reflexionar-sobre-la-necesidad-de-avanzar-en-la-mejora-de-las-atenciones-que-reciben-las-personas-mayores\/","title":{"rendered":"260 profesionales de enfermer\u00eda asisten a un congreso en Segovia donde reflexionan sobre la necesidad de avanzar en la mejora de las atenciones que reciben las personas mayores"},"content":{"rendered":"<p>El delegado territorial de la Junta, Javier L\u00f3pez-Escobar, ha intervenido en la inauguraci\u00f3n del XXII Congreso Nacional de la Sociedad Espa\u00f1ola de Enfermer\u00eda Geri\u00e1trica y Gerontol\u00f3gica que re\u00fane en Segovia a m\u00e1s de 200 profesionales sanitarios, para reflexionar sobre la necesidad de avanzar en la mejora de las atenciones que reciben las personas mayores hacia la excelencia en el cuidado.<\/p>\n<p>La convocatoria re\u00fane a 260 profesionales de enfermer\u00eda de toda Espa\u00f1a en torno a un programa cient\u00edfico que pretende impulsar el crecimiento en la prestaci\u00f3n de cuidados a la poblaci\u00f3n m\u00e1s envejecida. Con este objetivo se abordar\u00e1n diferentes aspectos relacionados con la pr\u00e1ctica profesional, como la comunicaci\u00f3n, la alimentaci\u00f3n, el dolor, o las situaciones de urgencias. Todo ello dirigido a conseguir la excelencia en el cuidado, la ampliaci\u00f3n de competencias y la mejora en los resultados de las intervenciones asistenciales.<\/p>\n<p>En la inauguraci\u00f3n, el delegado territorial ha elogiado la oportunidad de abrir un foro para la reflexi\u00f3n sobre la calidad de los cuidados que reciben las personas mayores, en un momento en el que tanto la sociedad como el sistema sanitario y social deben prepararse ante el crecimiento de la poblaci\u00f3n mayor de 65 a\u00f1os. En la actualidad, este grupo de edad representa en Castilla y Le\u00f3n en torno al 20 % de la poblaci\u00f3n, pero las previsiones apuntan a que en 2050 este porcentaje habr\u00e1 ascendido hasta el de 36.5 % y, entre ellos, los mayores de 80 a\u00f1os supondr\u00e1n el 15,3 %.<\/p>\n<p>Los pacientes con enfermedades cr\u00f3nicas y degenerativas aumentar\u00e1n, al igual que el n\u00famero de dependientes, por lo que las administraciones trabajan ya en la planificaci\u00f3n de actuaciones para hacer frente a este nuevo panorama. En esta l\u00ednea se encuentra en desarrollo en Castilla y Le\u00f3n el Plan de Atenci\u00f3n a Pacientes Cr\u00f3nicos Pluripatol\u00f3gicos Complejos que implica tanto a los profesionales de Atenci\u00f3n Primaria como de Atenci\u00f3n Hospitalaria y de Servicios Sociales.<\/p>\n<p>En Segovia se ha incrementado hasta siete el n\u00famero de profesionales de enfermer\u00eda especializados en Geriatr\u00eda y Gerontolog\u00eda, para atender las necesidades asistenciales espec\u00edficas de este importante grupo de poblaci\u00f3n.<\/p>\n<p>FUENTE: <a title=\"Enfermeros se forman en mejorar la atenci\u00f3n a mayores\" href=\"http:\/\/segoviaaldia.es\/not\/88316\/260-profesionales-de-enfermeria-asisten-a-un-congreso-en-segovia\/\" target=\"_blank\">Segovia al dia.es<\/a><\/p>\n","protected":false},"excerpt":{"rendered":"<p>El delegado territorial de la Junta, Javier L\u00f3pez-Escobar, ha intervenido en la inauguraci\u00f3n del XXII Congreso Nacional de la Sociedad Espa\u00f1ola de Enfermer\u00eda Geri\u00e1trica y Gerontol\u00f3gica que re\u00fane en Segovia a m\u00e1s de 200 profesionales sanitarios, para reflexionar sobre la necesidad de avanzar en la mejora de las atenciones que[&#8230;]<\/p>\n","protected":false},"author":3,"featured_media":0,"comment_status":"open","ping_status":"open","sticky":false,"template":"","format":"standard","meta":{"footnotes":""},"categories":[1],"tags":[],"class_list":["post-1253","post","type-post","status-publish","format-standard","hentry","category-sin-categoria"],"yoast_head":"<!-- This site is optimized with the Yoast SEO plugin v27.5 - https:\/\/yoast.com\/product\/yoast-seo-wordpress\/ -->\n<title>260 profesionales de enfermer\u00eda asisten a un congreso en Segovia donde reflexionan sobre la necesidad de avanzar en la mejora de las atenciones que reciben las personas mayores - Mujer Rural Emprendedora<\/title>\n<meta name=\"robots\" content=\"index, follow, max-snippet:-1, max-image-preview:large, max-video-preview:-1\" \/>\n<link rel=\"canonical\" href=\"http:\/\/www.mujerruralemprendedora.com\/es\/260-profesionales-de-enfermeria-asisten-a-un-congreso-en-segovia-donde-reflexionar-sobre-la-necesidad-de-avanzar-en-la-mejora-de-las-atenciones-que-reciben-las-personas-mayores\/\" \/>\n<meta property=\"og:locale\" content=\"es_ES\" \/>\n<meta property=\"og:type\" content=\"article\" \/>\n<meta property=\"og:title\" content=\"260 profesionales de enfermer\u00eda asisten a un congreso en Segovia donde reflexionan sobre la necesidad de avanzar en la mejora de las atenciones que reciben las personas mayores - Mujer Rural Emprendedora\" \/>\n<meta property=\"og:description\" content=\"El delegado territorial de la Junta, Javier L\u00f3pez-Escobar, ha intervenido en la inauguraci\u00f3n del XXII Congreso Nacional de la Sociedad Espa\u00f1ola de Enfermer\u00eda Geri\u00e1trica y Gerontol\u00f3gica que re\u00fane en Segovia a m\u00e1s de 200 profesionales sanitarios, para reflexionar sobre la necesidad de avanzar en la mejora de las atenciones que[...]\" \/>\n<meta property=\"og:url\" content=\"http:\/\/www.mujerruralemprendedora.com\/es\/260-profesionales-de-enfermeria-asisten-a-un-congreso-en-segovia-donde-reflexionar-sobre-la-necesidad-de-avanzar-en-la-mejora-de-las-atenciones-que-reciben-las-personas-mayores\/\" \/>\n<meta property=\"og:site_name\" content=\"Mujer Rural Emprendedora\" \/>\n<meta property=\"article:publisher\" content=\"http:\/\/www.facebook.com\/mujerruralemprendedora\" \/>\n<meta property=\"article:published_time\" content=\"2015-04-17T08:35:16+00:00\" \/>\n<meta property=\"article:modified_time\" content=\"2015-04-17T08:36:10+00:00\" \/>\n<meta name=\"author\" content=\"mjesus\" \/>\n<meta name=\"twitter:label1\" content=\"Escrito por\" \/>\n\t<meta name=\"twitter:data1\" content=\"mjesus\" \/>\n\t<meta name=\"twitter:label2\" content=\"Tiempo de lectura\" \/>\n\t<meta name=\"twitter:data2\" content=\"2 minutos\" \/>\n<script type=\"application\/ld+json\" class=\"yoast-schema-graph\">{\"@context\":\"https:\\\/\\\/schema.org\",\"@graph\":[{\"@type\":\"Article\",\"@id\":\"http:\\\/\\\/www.mujerruralemprendedora.com\\\/es\\\/260-profesionales-de-enfermeria-asisten-a-un-congreso-en-segovia-donde-reflexionar-sobre-la-necesidad-de-avanzar-en-la-mejora-de-las-atenciones-que-reciben-las-personas-mayores\\\/#article\",\"isPartOf\":{\"@id\":\"http:\\\/\\\/www.mujerruralemprendedora.com\\\/es\\\/260-profesionales-de-enfermeria-asisten-a-un-congreso-en-segovia-donde-reflexionar-sobre-la-necesidad-de-avanzar-en-la-mejora-de-las-atenciones-que-reciben-las-personas-mayores\\\/\"},\"author\":{\"name\":\"mjesus\",\"@id\":\"http:\\\/\\\/www.mujerruralemprendedora.com\\\/es\\\/#\\\/schema\\\/person\\\/bef3305571cafa6b1960c301df7452ea\"},\"headline\":\"260 profesionales de enfermer\u00eda asisten a un congreso en Segovia donde reflexionan sobre la necesidad de avanzar en la mejora de las atenciones que reciben las personas mayores\",\"datePublished\":\"2015-04-17T08:35:16+00:00\",\"dateModified\":\"2015-04-17T08:36:10+00:00\",\"mainEntityOfPage\":{\"@id\":\"http:\\\/\\\/www.mujerruralemprendedora.com\\\/es\\\/260-profesionales-de-enfermeria-asisten-a-un-congreso-en-segovia-donde-reflexionar-sobre-la-necesidad-de-avanzar-en-la-mejora-de-las-atenciones-que-reciben-las-personas-mayores\\\/\"},\"wordCount\":412,\"commentCount\":0,\"inLanguage\":\"es\",\"potentialAction\":[{\"@type\":\"CommentAction\",\"name\":\"Comment\",\"target\":[\"http:\\\/\\\/www.mujerruralemprendedora.com\\\/es\\\/260-profesionales-de-enfermeria-asisten-a-un-congreso-en-segovia-donde-reflexionar-sobre-la-necesidad-de-avanzar-en-la-mejora-de-las-atenciones-que-reciben-las-personas-mayores\\\/#respond\"]}]},{\"@type\":\"WebPage\",\"@id\":\"http:\\\/\\\/www.mujerruralemprendedora.com\\\/es\\\/260-profesionales-de-enfermeria-asisten-a-un-congreso-en-segovia-donde-reflexionar-sobre-la-necesidad-de-avanzar-en-la-mejora-de-las-atenciones-que-reciben-las-personas-mayores\\\/\",\"url\":\"http:\\\/\\\/www.mujerruralemprendedora.com\\\/es\\\/260-profesionales-de-enfermeria-asisten-a-un-congreso-en-segovia-donde-reflexionar-sobre-la-necesidad-de-avanzar-en-la-mejora-de-las-atenciones-que-reciben-las-personas-mayores\\\/\",\"name\":\"260 profesionales de enfermer\u00eda asisten a un congreso en Segovia donde reflexionan sobre la necesidad de avanzar en la mejora de las atenciones que reciben las personas mayores - Mujer Rural Emprendedora\",\"isPartOf\":{\"@id\":\"http:\\\/\\\/www.mujerruralemprendedora.com\\\/es\\\/#website\"},\"datePublished\":\"2015-04-17T08:35:16+00:00\",\"dateModified\":\"2015-04-17T08:36:10+00:00\",\"author\":{\"@id\":\"http:\\\/\\\/www.mujerruralemprendedora.com\\\/es\\\/#\\\/schema\\\/person\\\/bef3305571cafa6b1960c301df7452ea\"},\"breadcrumb\":{\"@id\":\"http:\\\/\\\/www.mujerruralemprendedora.com\\\/es\\\/260-profesionales-de-enfermeria-asisten-a-un-congreso-en-segovia-donde-reflexionar-sobre-la-necesidad-de-avanzar-en-la-mejora-de-las-atenciones-que-reciben-las-personas-mayores\\\/#breadcrumb\"},\"inLanguage\":\"es\",\"potentialAction\":[{\"@type\":\"ReadAction\",\"target\":[\"http:\\\/\\\/www.mujerruralemprendedora.com\\\/es\\\/260-profesionales-de-enfermeria-asisten-a-un-congreso-en-segovia-donde-reflexionar-sobre-la-necesidad-de-avanzar-en-la-mejora-de-las-atenciones-que-reciben-las-personas-mayores\\\/\"]}]},{\"@type\":\"BreadcrumbList\",\"@id\":\"http:\\\/\\\/www.mujerruralemprendedora.com\\\/es\\\/260-profesionales-de-enfermeria-asisten-a-un-congreso-en-segovia-donde-reflexionar-sobre-la-necesidad-de-avanzar-en-la-mejora-de-las-atenciones-que-reciben-las-personas-mayores\\\/#breadcrumb\",\"itemListElement\":[{\"@type\":\"ListItem\",\"position\":1,\"name\":\"Portada\",\"item\":\"http:\\\/\\\/www.mujerruralemprendedora.com\\\/es\\\/\"},{\"@type\":\"ListItem\",\"position\":2,\"name\":\"260 profesionales de enfermer\u00eda asisten a un congreso en Segovia donde reflexionan sobre la necesidad de avanzar en la mejora de las atenciones que reciben las personas mayores\"}]},{\"@type\":\"WebSite\",\"@id\":\"http:\\\/\\\/www.mujerruralemprendedora.com\\\/es\\\/#website\",\"url\":\"http:\\\/\\\/www.mujerruralemprendedora.com\\\/es\\\/\",\"name\":\"Mujer Rural Emprendedora\",\"description\":\"Otro sitio m\u00e1s de Sitios de Mujer Rural Emprendedora\",\"potentialAction\":[{\"@type\":\"SearchAction\",\"target\":{\"@type\":\"EntryPoint\",\"urlTemplate\":\"http:\\\/\\\/www.mujerruralemprendedora.com\\\/es\\\/?s={search_term_string}\"},\"query-input\":{\"@type\":\"PropertyValueSpecification\",\"valueRequired\":true,\"valueName\":\"search_term_string\"}}],\"inLanguage\":\"es\"},{\"@type\":\"Person\",\"@id\":\"http:\\\/\\\/www.mujerruralemprendedora.com\\\/es\\\/#\\\/schema\\\/person\\\/bef3305571cafa6b1960c301df7452ea\",\"name\":\"mjesus\",\"image\":{\"@type\":\"ImageObject\",\"inLanguage\":\"es\",\"@id\":\"https:\\\/\\\/secure.gravatar.com\\\/avatar\\\/6c2c08cfb2f5ecbf35952659564347799503b54d1d61bcb2b159c7dde6af69f4?s=96&d=mm&r=g\",\"url\":\"https:\\\/\\\/secure.gravatar.com\\\/avatar\\\/6c2c08cfb2f5ecbf35952659564347799503b54d1d61bcb2b159c7dde6af69f4?s=96&d=mm&r=g\",\"contentUrl\":\"https:\\\/\\\/secure.gravatar.com\\\/avatar\\\/6c2c08cfb2f5ecbf35952659564347799503b54d1d61bcb2b159c7dde6af69f4?s=96&d=mm&r=g\",\"caption\":\"mjesus\"},\"url\":\"http:\\\/\\\/www.mujerruralemprendedora.com\\\/es\\\/author\\\/mjesus\\\/\"}]}<\/script>\n<!-- \/ Yoast SEO plugin. -->","yoast_head_json":{"title":"260 profesionales de enfermer\u00eda asisten a un congreso en Segovia donde reflexionan sobre la necesidad de avanzar en la mejora de las atenciones que reciben las personas mayores - Mujer Rural Emprendedora","robots":{"index":"index","follow":"follow","max-snippet":"max-snippet:-1","max-image-preview":"max-image-preview:large","max-video-preview":"max-video-preview:-1"},"canonical":"http:\/\/www.mujerruralemprendedora.com\/es\/260-profesionales-de-enfermeria-asisten-a-un-congreso-en-segovia-donde-reflexionar-sobre-la-necesidad-de-avanzar-en-la-mejora-de-las-atenciones-que-reciben-las-personas-mayores\/","og_locale":"es_ES","og_type":"article","og_title":"260 profesionales de enfermer\u00eda asisten a un congreso en Segovia donde reflexionan sobre la necesidad de avanzar en la mejora de las atenciones que reciben las personas mayores - Mujer Rural Emprendedora","og_description":"El delegado territorial de la Junta, Javier L\u00f3pez-Escobar, ha intervenido en la inauguraci\u00f3n del XXII Congreso Nacional de la Sociedad Espa\u00f1ola de Enfermer\u00eda Geri\u00e1trica y Gerontol\u00f3gica que re\u00fane en Segovia a m\u00e1s de 200 profesionales sanitarios, para reflexionar sobre la necesidad de avanzar en la mejora de las atenciones que[...]","og_url":"http:\/\/www.mujerruralemprendedora.com\/es\/260-profesionales-de-enfermeria-asisten-a-un-congreso-en-segovia-donde-reflexionar-sobre-la-necesidad-de-avanzar-en-la-mejora-de-las-atenciones-que-reciben-las-personas-mayores\/","og_site_name":"Mujer Rural Emprendedora","article_publisher":"http:\/\/www.facebook.com\/mujerruralemprendedora","article_published_time":"2015-04-17T08:35:16+00:00","article_modified_time":"2015-04-17T08:36:10+00:00","author":"mjesus","twitter_misc":{"Escrito por":"mjesus","Tiempo de lectura":"2 minutos"},"schema":{"@context":"https:\/\/schema.org","@graph":[{"@type":"Article","@id":"http:\/\/www.mujerruralemprendedora.com\/es\/260-profesionales-de-enfermeria-asisten-a-un-congreso-en-segovia-donde-reflexionar-sobre-la-necesidad-de-avanzar-en-la-mejora-de-las-atenciones-que-reciben-las-personas-mayores\/#article","isPartOf":{"@id":"http:\/\/www.mujerruralemprendedora.com\/es\/260-profesionales-de-enfermeria-asisten-a-un-congreso-en-segovia-donde-reflexionar-sobre-la-necesidad-de-avanzar-en-la-mejora-de-las-atenciones-que-reciben-las-personas-mayores\/"},"author":{"name":"mjesus","@id":"http:\/\/www.mujerruralemprendedora.com\/es\/#\/schema\/person\/bef3305571cafa6b1960c301df7452ea"},"headline":"260 profesionales de enfermer\u00eda asisten a un congreso en Segovia donde reflexionan sobre la necesidad de avanzar en la mejora de las atenciones que reciben las personas mayores","datePublished":"2015-04-17T08:35:16+00:00","dateModified":"2015-04-17T08:36:10+00:00","mainEntityOfPage":{"@id":"http:\/\/www.mujerruralemprendedora.com\/es\/260-profesionales-de-enfermeria-asisten-a-un-congreso-en-segovia-donde-reflexionar-sobre-la-necesidad-de-avanzar-en-la-mejora-de-las-atenciones-que-reciben-las-personas-mayores\/"},"wordCount":412,"commentCount":0,"inLanguage":"es","potentialAction":[{"@type":"CommentAction","name":"Comment","target":["http:\/\/www.mujerruralemprendedora.com\/es\/260-profesionales-de-enfermeria-asisten-a-un-congreso-en-segovia-donde-reflexionar-sobre-la-necesidad-de-avanzar-en-la-mejora-de-las-atenciones-que-reciben-las-personas-mayores\/#respond"]}]},{"@type":"WebPage","@id":"http:\/\/www.mujerruralemprendedora.com\/es\/260-profesionales-de-enfermeria-asisten-a-un-congreso-en-segovia-donde-reflexionar-sobre-la-necesidad-de-avanzar-en-la-mejora-de-las-atenciones-que-reciben-las-personas-mayores\/","url":"http:\/\/www.mujerruralemprendedora.com\/es\/260-profesionales-de-enfermeria-asisten-a-un-congreso-en-segovia-donde-reflexionar-sobre-la-necesidad-de-avanzar-en-la-mejora-de-las-atenciones-que-reciben-las-personas-mayores\/","name":"260 profesionales de enfermer\u00eda asisten a un congreso en Segovia donde reflexionan sobre la necesidad de avanzar en la mejora de las atenciones que reciben las personas mayores - Mujer Rural Emprendedora","isPartOf":{"@id":"http:\/\/www.mujerruralemprendedora.com\/es\/#website"},"datePublished":"2015-04-17T08:35:16+00:00","dateModified":"2015-04-17T08:36:10+00:00","author":{"@id":"http:\/\/www.mujerruralemprendedora.com\/es\/#\/schema\/person\/bef3305571cafa6b1960c301df7452ea"},"breadcrumb":{"@id":"http:\/\/www.mujerruralemprendedora.com\/es\/260-profesionales-de-enfermeria-asisten-a-un-congreso-en-segovia-donde-reflexionar-sobre-la-necesidad-de-avanzar-en-la-mejora-de-las-atenciones-que-reciben-las-personas-mayores\/#breadcrumb"},"inLanguage":"es","potentialAction":[{"@type":"ReadAction","target":["http:\/\/www.mujerruralemprendedora.com\/es\/260-profesionales-de-enfermeria-asisten-a-un-congreso-en-segovia-donde-reflexionar-sobre-la-necesidad-de-avanzar-en-la-mejora-de-las-atenciones-que-reciben-las-personas-mayores\/"]}]},{"@type":"BreadcrumbList","@id":"http:\/\/www.mujerruralemprendedora.com\/es\/260-profesionales-de-enfermeria-asisten-a-un-congreso-en-segovia-donde-reflexionar-sobre-la-necesidad-de-avanzar-en-la-mejora-de-las-atenciones-que-reciben-las-personas-mayores\/#breadcrumb","itemListElement":[{"@type":"ListItem","position":1,"name":"Portada","item":"http:\/\/www.mujerruralemprendedora.com\/es\/"},{"@type":"ListItem","position":2,"name":"260 profesionales de enfermer\u00eda asisten a un congreso en Segovia donde reflexionan sobre la necesidad de avanzar en la mejora de las atenciones que reciben las personas mayores"}]},{"@type":"WebSite","@id":"http:\/\/www.mujerruralemprendedora.com\/es\/#website","url":"http:\/\/www.mujerruralemprendedora.com\/es\/","name":"Mujer Rural Emprendedora","description":"Otro sitio m\u00e1s de Sitios de Mujer Rural Emprendedora","potentialAction":[{"@type":"SearchAction","target":{"@type":"EntryPoint","urlTemplate":"http:\/\/www.mujerruralemprendedora.com\/es\/?s={search_term_string}"},"query-input":{"@type":"PropertyValueSpecification","valueRequired":true,"valueName":"search_term_string"}}],"inLanguage":"es"},{"@type":"Person","@id":"http:\/\/www.mujerruralemprendedora.com\/es\/#\/schema\/person\/bef3305571cafa6b1960c301df7452ea","name":"mjesus","image":{"@type":"ImageObject","inLanguage":"es","@id":"https:\/\/secure.gravatar.com\/avatar\/6c2c08cfb2f5ecbf35952659564347799503b54d1d61bcb2b159c7dde6af69f4?s=96&d=mm&r=g","url":"https:\/\/secure.gravatar.com\/avatar\/6c2c08cfb2f5ecbf35952659564347799503b54d1d61bcb2b159c7dde6af69f4?s=96&d=mm&r=g","contentUrl":"https:\/\/secure.gravatar.com\/avatar\/6c2c08cfb2f5ecbf35952659564347799503b54d1d61bcb2b159c7dde6af69f4?s=96&d=mm&r=g","caption":"mjesus"},"url":"http:\/\/www.mujerruralemprendedora.com\/es\/author\/mjesus\/"}]}},"_links":{"self":[{"href":"http:\/\/www.mujerruralemprendedora.com\/es\/wp-json\/wp\/v2\/posts\/1253","targetHints":{"allow":["GET"]}}],"collection":[{"href":"http:\/\/www.mujerruralemprendedora.com\/es\/wp-json\/wp\/v2\/posts"}],"about":[{"href":"http:\/\/www.mujerruralemprendedora.com\/es\/wp-json\/wp\/v2\/types\/post"}],"author":[{"embeddable":true,"href":"http:\/\/www.mujerruralemprendedora.com\/es\/wp-json\/wp\/v2\/users\/3"}],"replies":[{"embeddable":true,"href":"http:\/\/www.mujerruralemprendedora.com\/es\/wp-json\/wp\/v2\/comments?post=1253"}],"version-history":[{"count":2,"href":"http:\/\/www.mujerruralemprendedora.com\/es\/wp-json\/wp\/v2\/posts\/1253\/revisions"}],"predecessor-version":[{"id":1255,"href":"http:\/\/www.mujerruralemprendedora.com\/es\/wp-json\/wp\/v2\/posts\/1253\/revisions\/1255"}],"wp:attachment":[{"href":"http:\/\/www.mujerruralemprendedora.com\/es\/wp-json\/wp\/v2\/media?parent=1253"}],"wp:term":[{"taxonomy":"category","embeddable":true,"href":"http:\/\/www.mujerruralemprendedora.com\/es\/wp-json\/wp\/v2\/categories?post=1253"},{"taxonomy":"post_tag","embeddable":true,"href":"http:\/\/www.mujerruralemprendedora.com\/es\/wp-json\/wp\/v2\/tags?post=1253"}],"curies":[{"name":"wp","href":"https:\/\/api.w.org\/{rel}","templated":true}]}}