{"id":1378,"date":"2015-05-13T11:18:22","date_gmt":"2015-05-13T11:18:22","guid":{"rendered":"http:\/\/www.mujerruralemprendedora.com\/es\/?p=1378"},"modified":"2015-05-13T11:20:55","modified_gmt":"2015-05-13T11:20:55","slug":"se-presenta-el-plan-emprende-en-ciudad-real","status":"publish","type":"post","link":"http:\/\/www.mujerruralemprendedora.com\/es\/se-presenta-el-plan-emprende-en-ciudad-real\/","title":{"rendered":"Se presenta el Plan Emprende en Ciudad Real"},"content":{"rendered":"<p>La candidata del Partido Popular a la alcald\u00eda de Ciudad Real, Rosa Romero, ha presentado, acompa\u00f1ada por la Ministra de Empleo, F\u00e1tima B\u00e1nez, el Plan Emprende Ciudad Real . \u00abUn plan serio, riguroso y estudiado, basado en el impulso empresarial\u00a0 para que en los pr\u00f3ximos a\u00f1os en Ciudad Real se cree empleo\u201d, como dec\u00eda la candidata.<br \/>\nAnte m\u00e1s de un centenar de representantes del \u00a0tejido empresarial de la capital, Rosa Romero ha asegurado que los objetivos de este plan se basan en dos ejes: la promoci\u00f3n del esp\u00edritu emprendedor y empresarial en la sociedad ciudadreale\u00f1a y el apoyo a la creaci\u00f3n, consolidaci\u00f3n y mejora de la competitividad de las empresas.<\/p>\n<p>Tras esbozar una radiograf\u00eda\u00a0 actual de la realidad econ\u00f3mica y empresarial de la \u00a0capital, reiterando una vez que es el motor que lidera el crecimiento de la provincia, la actual alcaldesa de Ciudad Real ha aseverado \u201dque tenemos una ciudad viva porque cuenta con una sociedad civil, donde los empresarios, han mantenido el pulso y donde han surgido centenares de nuevas empresas, a pesar de los tiempos duros de crisis que hemos vivido\u201c.<\/p>\n<p>Igualmente se ha referido a la pol\u00edtica municipal desarrollada estos a\u00f1os para promover una sociedad m\u00e1s emprendedora y apoyar la creaci\u00f3n y consolidaci\u00f3n de empresas, afirmando que \u201chemos fomentado las vocaciones, las ideas y las habilidades emprendedoras que existen en la ciudad, destinando 2.200.000 euros para la construcci\u00f3n y puesta en marcha del \u00a0\u00a0Vivero de Empresas, y destacando de forma muy significativa las subvenciones municipales al fomento de la actividad empresarial, 765.000 euros que han posibilitado que con este empuje del Ayuntamiento, 275 emprendedores hayan decidido montar su propio negocio en la capital\u201d.<\/p>\n<p>\u201cAhora, con la vista puesta en los pr\u00f3ximos a\u00f1os y una vez que se ha recuperado la econom\u00eda, con los mismos objetivos citados anteriormente, con la sana ambici\u00f3n de querer lo mejor para mi ciudad, presento este Plan Emprende Ciudad Real, que pretende implicar a\u00fan m\u00e1s a la sociedad ciudadreale\u00f1a, para que aunemos esfuerzos Ayuntamiento, Universidad, Asociaciones, Empresas y emprendedores, porque si compartimos ideas, ganamos todos y gana sobre todo Ciudad Real, convirti\u00e9ndola en la ciudad del empleo ,en la ciudad de las nuevas tecnolog\u00edas y en una ciudad de oportunidades para todos\u201d, ha expresado ante los presentes Rosa Romero.<\/p>\n<p><strong>Promoci\u00f3n del Esp\u00edritu empresarial y emprendedor<\/strong><\/p>\n<p>La candidata popular a la Alcald\u00eda\u00a0ha detallado el primero de los ejes del Plan Emprende Ciudad Real, la promoci\u00f3n del esp\u00edritu empresarial y emprendedor en la sociedad ciudadreale\u00f1a, \u00a0\u00a0y para ello, se articular\u00e1n herramientas como campa\u00f1as en medios con difusi\u00f3n de historias de \u00e9xito en Ciudad Real, charlas y talleres mensuales de emprendedores, un portal Web para emprendedores y la I Gala y premios Emprende Ciudad Real.<\/p>\n<p>\u201cComo queremos ganarle el futuro a Ciudad Real -dec\u00eda Rosa Romero- esta cultura emprendedora se va a llevar tambi\u00e9n a las escuelas, institutos y\u00a0 la Universidad \u00a0a trav\u00e9s del proyecto educativo <em>Desde la escuela a la empresa<\/em>, se va a apoyar la cultura empresarial universitaria \u00a0y a intensificar la relaci\u00f3n entre la Universidad y las empresas, para que no se pierda el talento y la excelente preparaci\u00f3n de nuestros alumnos\u201d.<\/p>\n<p><strong>Apoyo a la creaci\u00f3n, consolidaci\u00f3n y mejora de la competitividad de las empresas<\/strong><\/p>\n<p>El segundo de los ejes del Plan Emprende Ciudad Real ser\u00e1 , el apoyo a la creaci\u00f3n, consolidaci\u00f3n y mejora de la competitividad de las empresas, para aumentar su tasa de supervivencia mediante proyectos de mejora empresarial y apoyo a la formaci\u00f3n espec\u00edfica para empresarios y empleados.<\/p>\n<p>\u201cYa no se trata s\u00f3lo de crear nuevas empresas, si no de que las ya existentes no tengan que cerrar. Hemos vivido tiempos muy dif\u00edciles donde la supervivencia ha sido heroica, y ahora hay que poner las bases para crecer\u201d, ha asegurado Rosa Romero, anunciando una bater\u00eda de rebajas fiscales para dar facilidades a los emprendedores que se acojan al Plan Emprende Ciudad Real , como la bonificaci\u00f3n del \u00a0100% de la tasa de licencia de apertura , bonificaciones en las tasas municipales de \u00a0agua y recogida de basuras .<\/p>\n<p>Tambi\u00e9n se ceder\u00e1 la ubicaci\u00f3n gratuita en el vivero de empresas durante 6 meses y el acceso al \u201cParque de Locales Vac\u00edos\u201d que \u00a0se crear\u00e1 en \u00a0colaboraci\u00f3n con sus propietarios y adem\u00e1s se crear\u00e1 \u00a0la Oficina de asesoramiento empresarial, y \u00a0se ofertar\u00e1n sesiones informativas y formaci\u00f3n especializada, como marketing, comercio electr\u00f3nico y Nuevas Tecnolog\u00edas.<\/p>\n<p><strong>Ayudas a la financi\u00f3n de iniciativas empresariales<\/strong><\/p>\n<p><strong>\u201c<\/strong>Queremos que Ciudad Real sea una de las mejores ciudades de Espa\u00f1a para emprender\u201d, ha dicho con rotundidad Rosa Romero, \u201cy por eso, vamos a ayudar a la financiaci\u00f3n de las iniciativas empresariales \u00a0con acceso a l\u00edneas de cr\u00e9dito preferencial para ampliaciones de negocio, promoci\u00f3n de una red de inversores privados (<em>Business Angels<\/em>), adem\u00e1s de f\u00f3rmulas de mecenazgo, creaci\u00f3n de una Oficina de atenci\u00f3n al inversor y foros de encuentro entre inversores y emprendedores, en colaboraci\u00f3n con las entidades financieras con las que trabaja el Ayuntamiento\u201d.<\/p>\n<p>Por \u00faltimo, tambi\u00e9n ha destacado todo un cat\u00e1logo de servicios de iniciativas empresariales \u00a0que contempla captaci\u00f3n de talento externo, implantaci\u00f3n de marca de calidad a los proyectos empresariales, y mejora del control e inspecci\u00f3n de actividades ilegales para luchar contra el intrusismo y la econom\u00eda sumergida, entre otros servicios.<\/p>\n<p><strong>Plan Ciudad Real tech city<\/strong><\/p>\n<p>Rosa Romero tambi\u00e9n ha destacado de forma especial , que dentro del Plan Emprende Ciudad Real habr\u00e1 una atenci\u00f3n especial a los proyectos tecnol\u00f3gicos o de innovaci\u00f3n.<\/p>\n<p>\u201cEs lo que hemos denominado <em>Plan Ciudad Real tech city,<\/em> \u00a0un plan estrat\u00e9gico, ha explicado, \u00a0para impulsar proyectos de alto valor tecnol\u00f3gico aprovechando el conocimiento y experiencia de la UCLM en I+D+I y de empresas de este sector radicadas en Ciudad Real como Indra o Everis a trav\u00e9s de la firma de un convenio con el Ayuntamiento\u201d.<\/p>\n<p>\u201cPretendemos con ello, adem\u00e1s, que Ciudad Real sea un referente en Castilla-La Mancha de creaci\u00f3n de proyectos tecnol\u00f3gicos y que esos proyectos ayuden a la creaci\u00f3n de empleo y a mejorar la calidad de los servicios ciudadanos\u201d, ha aseverado, detallando que este plan lleva impl\u00edcitas una serie de herramientas de base tecnol\u00f3gica, para emprender, como Ciudad Real libre de tasas, para todas las empresas que decidan instalarse en la ciudad, devolviendo todos los tributos de los 3 primeros a\u00f1os; bonificaci\u00f3n del 50% del IBI a todas las empresas tecnol\u00f3gicas, durante los 2 primeros a\u00f1os y creen puestos de trabajo, implantaci\u00f3n en el vivero de empresas sin coste alguno durante dos a\u00f1os y microcr\u00e9ditos especiales para la financiaci\u00f3n de proyectos tecnol\u00f3gicos.<\/p>\n<p>Adem\u00e1s, se crear\u00e1 un Consejo Rector con representaci\u00f3n de las nuevas empresas para impulsar Ciudad Real Smart City.<\/p>\n<p>Rosa Romero ha finalizado la presentaci\u00f3n del Plan Emprende Ciudad Real dando\u00a0 su palabra a los empresarios presentes en el acto \u201cde que si vuelven a renovar su confianza en el gobierno municipal del PP, \u00a0vamos a poner toda la carne en el asador, pero necesitamos de vuestra implicaci\u00f3n, de vuestra complicidad, de vuestro impulso y de vuestras ideas\u201d.<\/p>\n<p>\u201cTengo la certeza de que hoy es el principio de un proyecto que va a significar m\u00e1s riqueza, m\u00e1s bienestar, y sobre todo m\u00e1s empleo para Ciudad Real\u201c, ha dicho, mostrando su confianza, en que <strong>\u201c<\/strong>hoy en Ciudad Real hay 1.035 desempleados menos que hace dos a\u00f1os, y con este Plan queremos conseguir que en los pr\u00f3ximos a\u00f1os se creen en Ciudad Real 600 nuevas empresas para la ciudad\u201d.<\/p>\n<p><strong>La Ministra de Empleo afirma que este a\u00f1o se van a crear 6000 empleos en Ciudad Real<\/strong><\/p>\n<p>Por su parte, la Ministra de Empleo, F\u00e1tima B\u00e1\u00f1ez, ha definido el Plan Emprende Ciudad Real de Rosa Romero \u201ccomo capital para la creaci\u00f3n de empleo en Ciudad Real y referente para la creaci\u00f3n de empleo en toda Espa\u00f1a\u201d.<\/p>\n<p>Ba\u00f1ez ha mostrado \u201csu optimismo realista\u201d, en sus propias palabras porque hoy\u00a0 \u201cEspa\u00f1a crece y Espa\u00f1a crea empleo\u201d y eso es gracias, ha subrayado, \u201da las empresas, pymes, auton\u00f3mos, agricultores,\u00a0 pensionistas, familias y sociedad civil espa\u00f1ola que han cambiado el rumbo y han reescrito el futuro de este pa\u00eds\u201d y afirmado\u00a0que gracias a que el Gobierno de Mariano Rajoy \u201cha evitado el rescate para salir de la crisis con cohesi\u00f3n social, ha puesto en marcha una agenda de reformas y ha apoyado a los m\u00e1s vulnerables, pensionistas y desempleados, este a\u00f1o se van a crear en Espa\u00f1a 600.000 empleos, 25.000 en Castilla-La Mancha y m\u00e1s de 6.000 en Ciudad Real\u201d.<\/p>\n<p>\u201cTenemos el reto de llegar a los 20 millones de ocupados entre esta legislatura y la siguiente y para eso necesitamos un gobierno fuerte y con mayor\u00eda\u00a0 para dar estabilidad al camino de recuperaci\u00f3n que hemos iniciado\u201d, conclu\u00eda la ministra.<\/p>\n","protected":false},"excerpt":{"rendered":"<p>La candidata del Partido Popular a la alcald\u00eda de Ciudad Real, Rosa Romero, ha presentado, acompa\u00f1ada por la Ministra de Empleo, F\u00e1tima B\u00e1nez, el Plan Emprende Ciudad Real . \u00abUn plan serio, riguroso y estudiado, basado en el impulso empresarial\u00a0 para que en los pr\u00f3ximos a\u00f1os en Ciudad Real se[&#8230;]<\/p>\n","protected":false},"author":3,"featured_media":0,"comment_status":"open","ping_status":"open","sticky":false,"template":"","format":"standard","meta":{"footnotes":""},"categories":[6],"tags":[],"class_list":["post-1378","post","type-post","status-publish","format-standard","hentry","category-emprendedores"],"yoast_head":"<!-- This site is optimized with the Yoast SEO plugin v27.5 - https:\/\/yoast.com\/product\/yoast-seo-wordpress\/ -->\n<title>Se presenta el Plan Emprende en Ciudad Real - Mujer Rural Emprendedora<\/title>\n<meta name=\"description\" content=\"Plan Emprende Ciudad Real . &quot;Un plan serio, riguroso y estudiado, basado en el impulso empresarial para que en los pr\u00f3ximos a\u00f1os en Ciudad Real se cree empleo\u201d\" \/>\n<meta name=\"robots\" content=\"index, follow, max-snippet:-1, max-image-preview:large, max-video-preview:-1\" \/>\n<link rel=\"canonical\" href=\"http:\/\/www.mujerruralemprendedora.com\/es\/se-presenta-el-plan-emprende-en-ciudad-real\/\" \/>\n<meta property=\"og:locale\" content=\"es_ES\" \/>\n<meta property=\"og:type\" content=\"article\" \/>\n<meta property=\"og:title\" content=\"Se presenta el Plan Emprende en Ciudad Real - Mujer Rural Emprendedora\" \/>\n<meta property=\"og:description\" content=\"Plan Emprende Ciudad Real . &quot;Un plan serio, riguroso y estudiado, basado en el impulso empresarial para que en los pr\u00f3ximos a\u00f1os en Ciudad Real se cree empleo\u201d\" \/>\n<meta property=\"og:url\" content=\"http:\/\/www.mujerruralemprendedora.com\/es\/se-presenta-el-plan-emprende-en-ciudad-real\/\" \/>\n<meta property=\"og:site_name\" content=\"Mujer Rural Emprendedora\" \/>\n<meta property=\"article:publisher\" content=\"http:\/\/www.facebook.com\/mujerruralemprendedora\" \/>\n<meta property=\"article:published_time\" content=\"2015-05-13T11:18:22+00:00\" \/>\n<meta property=\"article:modified_time\" content=\"2015-05-13T11:20:55+00:00\" \/>\n<meta name=\"author\" content=\"mjesus\" \/>\n<meta name=\"twitter:label1\" content=\"Escrito por\" \/>\n\t<meta name=\"twitter:data1\" content=\"mjesus\" \/>\n\t<meta name=\"twitter:label2\" content=\"Tiempo de lectura\" \/>\n\t<meta name=\"twitter:data2\" content=\"8 minutos\" \/>\n<script type=\"application\/ld+json\" class=\"yoast-schema-graph\">{\"@context\":\"https:\\\/\\\/schema.org\",\"@graph\":[{\"@type\":\"Article\",\"@id\":\"http:\\\/\\\/www.mujerruralemprendedora.com\\\/es\\\/se-presenta-el-plan-emprende-en-ciudad-real\\\/#article\",\"isPartOf\":{\"@id\":\"http:\\\/\\\/www.mujerruralemprendedora.com\\\/es\\\/se-presenta-el-plan-emprende-en-ciudad-real\\\/\"},\"author\":{\"name\":\"mjesus\",\"@id\":\"http:\\\/\\\/www.mujerruralemprendedora.com\\\/es\\\/#\\\/schema\\\/person\\\/bef3305571cafa6b1960c301df7452ea\"},\"headline\":\"Se presenta el Plan Emprende en Ciudad Real\",\"datePublished\":\"2015-05-13T11:18:22+00:00\",\"dateModified\":\"2015-05-13T11:20:55+00:00\",\"mainEntityOfPage\":{\"@id\":\"http:\\\/\\\/www.mujerruralemprendedora.com\\\/es\\\/se-presenta-el-plan-emprende-en-ciudad-real\\\/\"},\"wordCount\":1549,\"commentCount\":0,\"articleSection\":[\"Emprendedores\"],\"inLanguage\":\"es\",\"potentialAction\":[{\"@type\":\"CommentAction\",\"name\":\"Comment\",\"target\":[\"http:\\\/\\\/www.mujerruralemprendedora.com\\\/es\\\/se-presenta-el-plan-emprende-en-ciudad-real\\\/#respond\"]}]},{\"@type\":\"WebPage\",\"@id\":\"http:\\\/\\\/www.mujerruralemprendedora.com\\\/es\\\/se-presenta-el-plan-emprende-en-ciudad-real\\\/\",\"url\":\"http:\\\/\\\/www.mujerruralemprendedora.com\\\/es\\\/se-presenta-el-plan-emprende-en-ciudad-real\\\/\",\"name\":\"Se presenta el Plan Emprende en Ciudad Real - Mujer Rural Emprendedora\",\"isPartOf\":{\"@id\":\"http:\\\/\\\/www.mujerruralemprendedora.com\\\/es\\\/#website\"},\"datePublished\":\"2015-05-13T11:18:22+00:00\",\"dateModified\":\"2015-05-13T11:20:55+00:00\",\"author\":{\"@id\":\"http:\\\/\\\/www.mujerruralemprendedora.com\\\/es\\\/#\\\/schema\\\/person\\\/bef3305571cafa6b1960c301df7452ea\"},\"description\":\"Plan Emprende Ciudad Real . \\\"Un plan serio, riguroso y estudiado, basado en el impulso empresarial para que en los pr\u00f3ximos a\u00f1os en Ciudad Real se cree empleo\u201d\",\"breadcrumb\":{\"@id\":\"http:\\\/\\\/www.mujerruralemprendedora.com\\\/es\\\/se-presenta-el-plan-emprende-en-ciudad-real\\\/#breadcrumb\"},\"inLanguage\":\"es\",\"potentialAction\":[{\"@type\":\"ReadAction\",\"target\":[\"http:\\\/\\\/www.mujerruralemprendedora.com\\\/es\\\/se-presenta-el-plan-emprende-en-ciudad-real\\\/\"]}]},{\"@type\":\"BreadcrumbList\",\"@id\":\"http:\\\/\\\/www.mujerruralemprendedora.com\\\/es\\\/se-presenta-el-plan-emprende-en-ciudad-real\\\/#breadcrumb\",\"itemListElement\":[{\"@type\":\"ListItem\",\"position\":1,\"name\":\"Portada\",\"item\":\"http:\\\/\\\/www.mujerruralemprendedora.com\\\/es\\\/\"},{\"@type\":\"ListItem\",\"position\":2,\"name\":\"Se presenta el Plan Emprende en Ciudad Real\"}]},{\"@type\":\"WebSite\",\"@id\":\"http:\\\/\\\/www.mujerruralemprendedora.com\\\/es\\\/#website\",\"url\":\"http:\\\/\\\/www.mujerruralemprendedora.com\\\/es\\\/\",\"name\":\"Mujer Rural Emprendedora\",\"description\":\"Otro sitio m\u00e1s de Sitios de Mujer Rural Emprendedora\",\"potentialAction\":[{\"@type\":\"SearchAction\",\"target\":{\"@type\":\"EntryPoint\",\"urlTemplate\":\"http:\\\/\\\/www.mujerruralemprendedora.com\\\/es\\\/?s={search_term_string}\"},\"query-input\":{\"@type\":\"PropertyValueSpecification\",\"valueRequired\":true,\"valueName\":\"search_term_string\"}}],\"inLanguage\":\"es\"},{\"@type\":\"Person\",\"@id\":\"http:\\\/\\\/www.mujerruralemprendedora.com\\\/es\\\/#\\\/schema\\\/person\\\/bef3305571cafa6b1960c301df7452ea\",\"name\":\"mjesus\",\"image\":{\"@type\":\"ImageObject\",\"inLanguage\":\"es\",\"@id\":\"https:\\\/\\\/secure.gravatar.com\\\/avatar\\\/6c2c08cfb2f5ecbf35952659564347799503b54d1d61bcb2b159c7dde6af69f4?s=96&d=mm&r=g\",\"url\":\"https:\\\/\\\/secure.gravatar.com\\\/avatar\\\/6c2c08cfb2f5ecbf35952659564347799503b54d1d61bcb2b159c7dde6af69f4?s=96&d=mm&r=g\",\"contentUrl\":\"https:\\\/\\\/secure.gravatar.com\\\/avatar\\\/6c2c08cfb2f5ecbf35952659564347799503b54d1d61bcb2b159c7dde6af69f4?s=96&d=mm&r=g\",\"caption\":\"mjesus\"},\"url\":\"http:\\\/\\\/www.mujerruralemprendedora.com\\\/es\\\/author\\\/mjesus\\\/\"}]}<\/script>\n<!-- \/ Yoast SEO plugin. -->","yoast_head_json":{"title":"Se presenta el Plan Emprende en Ciudad Real - Mujer Rural Emprendedora","description":"Plan Emprende Ciudad Real . \"Un plan serio, riguroso y estudiado, basado en el impulso empresarial para que en los pr\u00f3ximos a\u00f1os en Ciudad Real se cree empleo\u201d","robots":{"index":"index","follow":"follow","max-snippet":"max-snippet:-1","max-image-preview":"max-image-preview:large","max-video-preview":"max-video-preview:-1"},"canonical":"http:\/\/www.mujerruralemprendedora.com\/es\/se-presenta-el-plan-emprende-en-ciudad-real\/","og_locale":"es_ES","og_type":"article","og_title":"Se presenta el Plan Emprende en Ciudad Real - Mujer Rural Emprendedora","og_description":"Plan Emprende Ciudad Real . \"Un plan serio, riguroso y estudiado, basado en el impulso empresarial para que en los pr\u00f3ximos a\u00f1os en Ciudad Real se cree empleo\u201d","og_url":"http:\/\/www.mujerruralemprendedora.com\/es\/se-presenta-el-plan-emprende-en-ciudad-real\/","og_site_name":"Mujer Rural Emprendedora","article_publisher":"http:\/\/www.facebook.com\/mujerruralemprendedora","article_published_time":"2015-05-13T11:18:22+00:00","article_modified_time":"2015-05-13T11:20:55+00:00","author":"mjesus","twitter_misc":{"Escrito por":"mjesus","Tiempo de lectura":"8 minutos"},"schema":{"@context":"https:\/\/schema.org","@graph":[{"@type":"Article","@id":"http:\/\/www.mujerruralemprendedora.com\/es\/se-presenta-el-plan-emprende-en-ciudad-real\/#article","isPartOf":{"@id":"http:\/\/www.mujerruralemprendedora.com\/es\/se-presenta-el-plan-emprende-en-ciudad-real\/"},"author":{"name":"mjesus","@id":"http:\/\/www.mujerruralemprendedora.com\/es\/#\/schema\/person\/bef3305571cafa6b1960c301df7452ea"},"headline":"Se presenta el Plan Emprende en Ciudad Real","datePublished":"2015-05-13T11:18:22+00:00","dateModified":"2015-05-13T11:20:55+00:00","mainEntityOfPage":{"@id":"http:\/\/www.mujerruralemprendedora.com\/es\/se-presenta-el-plan-emprende-en-ciudad-real\/"},"wordCount":1549,"commentCount":0,"articleSection":["Emprendedores"],"inLanguage":"es","potentialAction":[{"@type":"CommentAction","name":"Comment","target":["http:\/\/www.mujerruralemprendedora.com\/es\/se-presenta-el-plan-emprende-en-ciudad-real\/#respond"]}]},{"@type":"WebPage","@id":"http:\/\/www.mujerruralemprendedora.com\/es\/se-presenta-el-plan-emprende-en-ciudad-real\/","url":"http:\/\/www.mujerruralemprendedora.com\/es\/se-presenta-el-plan-emprende-en-ciudad-real\/","name":"Se presenta el Plan Emprende en Ciudad Real - Mujer Rural Emprendedora","isPartOf":{"@id":"http:\/\/www.mujerruralemprendedora.com\/es\/#website"},"datePublished":"2015-05-13T11:18:22+00:00","dateModified":"2015-05-13T11:20:55+00:00","author":{"@id":"http:\/\/www.mujerruralemprendedora.com\/es\/#\/schema\/person\/bef3305571cafa6b1960c301df7452ea"},"description":"Plan Emprende Ciudad Real . \"Un plan serio, riguroso y estudiado, basado en el impulso empresarial para que en los pr\u00f3ximos a\u00f1os en Ciudad Real se cree empleo\u201d","breadcrumb":{"@id":"http:\/\/www.mujerruralemprendedora.com\/es\/se-presenta-el-plan-emprende-en-ciudad-real\/#breadcrumb"},"inLanguage":"es","potentialAction":[{"@type":"ReadAction","target":["http:\/\/www.mujerruralemprendedora.com\/es\/se-presenta-el-plan-emprende-en-ciudad-real\/"]}]},{"@type":"BreadcrumbList","@id":"http:\/\/www.mujerruralemprendedora.com\/es\/se-presenta-el-plan-emprende-en-ciudad-real\/#breadcrumb","itemListElement":[{"@type":"ListItem","position":1,"name":"Portada","item":"http:\/\/www.mujerruralemprendedora.com\/es\/"},{"@type":"ListItem","position":2,"name":"Se presenta el Plan Emprende en Ciudad Real"}]},{"@type":"WebSite","@id":"http:\/\/www.mujerruralemprendedora.com\/es\/#website","url":"http:\/\/www.mujerruralemprendedora.com\/es\/","name":"Mujer Rural Emprendedora","description":"Otro sitio m\u00e1s de Sitios de Mujer Rural Emprendedora","potentialAction":[{"@type":"SearchAction","target":{"@type":"EntryPoint","urlTemplate":"http:\/\/www.mujerruralemprendedora.com\/es\/?s={search_term_string}"},"query-input":{"@type":"PropertyValueSpecification","valueRequired":true,"valueName":"search_term_string"}}],"inLanguage":"es"},{"@type":"Person","@id":"http:\/\/www.mujerruralemprendedora.com\/es\/#\/schema\/person\/bef3305571cafa6b1960c301df7452ea","name":"mjesus","image":{"@type":"ImageObject","inLanguage":"es","@id":"https:\/\/secure.gravatar.com\/avatar\/6c2c08cfb2f5ecbf35952659564347799503b54d1d61bcb2b159c7dde6af69f4?s=96&d=mm&r=g","url":"https:\/\/secure.gravatar.com\/avatar\/6c2c08cfb2f5ecbf35952659564347799503b54d1d61bcb2b159c7dde6af69f4?s=96&d=mm&r=g","contentUrl":"https:\/\/secure.gravatar.com\/avatar\/6c2c08cfb2f5ecbf35952659564347799503b54d1d61bcb2b159c7dde6af69f4?s=96&d=mm&r=g","caption":"mjesus"},"url":"http:\/\/www.mujerruralemprendedora.com\/es\/author\/mjesus\/"}]}},"_links":{"self":[{"href":"http:\/\/www.mujerruralemprendedora.com\/es\/wp-json\/wp\/v2\/posts\/1378","targetHints":{"allow":["GET"]}}],"collection":[{"href":"http:\/\/www.mujerruralemprendedora.com\/es\/wp-json\/wp\/v2\/posts"}],"about":[{"href":"http:\/\/www.mujerruralemprendedora.com\/es\/wp-json\/wp\/v2\/types\/post"}],"author":[{"embeddable":true,"href":"http:\/\/www.mujerruralemprendedora.com\/es\/wp-json\/wp\/v2\/users\/3"}],"replies":[{"embeddable":true,"href":"http:\/\/www.mujerruralemprendedora.com\/es\/wp-json\/wp\/v2\/comments?post=1378"}],"version-history":[{"count":1,"href":"http:\/\/www.mujerruralemprendedora.com\/es\/wp-json\/wp\/v2\/posts\/1378\/revisions"}],"predecessor-version":[{"id":1379,"href":"http:\/\/www.mujerruralemprendedora.com\/es\/wp-json\/wp\/v2\/posts\/1378\/revisions\/1379"}],"wp:attachment":[{"href":"http:\/\/www.mujerruralemprendedora.com\/es\/wp-json\/wp\/v2\/media?parent=1378"}],"wp:term":[{"taxonomy":"category","embeddable":true,"href":"http:\/\/www.mujerruralemprendedora.com\/es\/wp-json\/wp\/v2\/categories?post=1378"},{"taxonomy":"post_tag","embeddable":true,"href":"http:\/\/www.mujerruralemprendedora.com\/es\/wp-json\/wp\/v2\/tags?post=1378"}],"curies":[{"name":"wp","href":"https:\/\/api.w.org\/{rel}","templated":true}]}}