{"id":1387,"date":"2015-05-14T11:49:37","date_gmt":"2015-05-14T11:49:37","guid":{"rendered":"http:\/\/www.mujerruralemprendedora.com\/es\/?p=1387"},"modified":"2015-05-14T11:49:37","modified_gmt":"2015-05-14T11:49:37","slug":"el-ejecutivo-regional-de-clm-da-luz-verde-al-programa-de-apoyo-al-emprendimiento-y-consolidacion-del-tejido-empresarial","status":"publish","type":"post","link":"http:\/\/www.mujerruralemprendedora.com\/es\/el-ejecutivo-regional-de-clm-da-luz-verde-al-programa-de-apoyo-al-emprendimiento-y-consolidacion-del-tejido-empresarial\/","title":{"rendered":"El Ejecutivo regional  de CLM da luz verde al Programa de Apoyo al Emprendimiento y Consolidaci\u00f3n del Tejido Empresarial"},"content":{"rendered":"<div class=\"even entradilla\">\n<p>La inversi\u00f3n ser\u00e1 de 5 millones de euros, para animar y ayudar a dar el salto a los emprendedores y las Pymes en la puesta en marcha de un negocio<\/p>\n<\/div>\n<div class=\"even contenido\">\n<p>El Gobierno de Castilla-La Mancha ha aprobado hoy la orden de la Consejer\u00eda de Empleo y Econom\u00eda, por la que se establecen las bases reguladoras del Programa de Apoyo al Emprendimiento y Consolidaci\u00f3n del Tejido Empresarial de Castilla-La Mancha, cofinanciadas en un 80 por ciento por el Fondo Europeo de Desarrollo Regional.<\/p>\n<p>Seg\u00fan ha explicado Leandro Esteban en la rueda de prensa posterior a la reuni\u00f3n del Consejo de Gobierno, los principales objetivos de este programa son fomentar la iniciativa emprendedora a trav\u00e9s de instrumentos que permitan favorecer la ampliaci\u00f3n de la capacidad productiva, la diversificaci\u00f3n de la producci\u00f3n y propiciar la instalaci\u00f3n de nuevos establecimientos generadores de empleo.<\/p>\n<p>As\u00ed, se pone a disposici\u00f3n del \u00e1mbito empresarial instrumentos espec\u00edficos para la mejora de la posici\u00f3n competitiva del tejido productivo de nuestra regi\u00f3n, la localizaci\u00f3n de nuevos mercados y la plena incorporaci\u00f3n a las nuevas tecnolog\u00edas a los procesos productivos.<\/p>\n<p>El consejero de Presidencia ha se\u00f1alado que el Programa de Apoyo al Emprendimiento y Consolidaci\u00f3n del Tejido Empresarial en Castilla-La Mancha se compone de una l\u00ednea de apoyo a la iniciativa empresarial de microempresas, para proyectos de inversi\u00f3n que tengan un coste de entre 3.000 a 100.000 euros y que se encuadren en el sector industrial y de servicios.<\/p>\n<p>La l\u00ednea de apoyo a la creaci\u00f3n y consolidaci\u00f3n de las industrias de Castilla-La Mancha est\u00e1 destinada a proyectos de inversi\u00f3n que tengan un coste de entre 100.001 a 900.000 euros. Por \u00faltimo, la l\u00ednea de mejora de la posici\u00f3n competitiva de la Pyme persigue promocionar o dar a conocer un producto fabricado en Castilla-La Mancha.<\/p>\n<p>Para la concesi\u00f3n de las ayudas recogidas en la presente orden, cuya cuant\u00eda se espera que ascienda a un m\u00ednimo de 5 millones de euros, se valorar\u00e1n prioritariamente aquellos proyectos cuya actividad sea innovadora, de base tecnol\u00f3gica o que est\u00e9 relacionada con sectores emergentes en la regi\u00f3n, as\u00ed como aquellos proyectos que sean promovidos por j\u00f3venes, mujeres, personas con discapacidad, mayores de 55 a\u00f1os, desempleados de larga duraci\u00f3n o que sean generadores de empleo.<\/p>\n<p>Finalmente, Leandro Esteban ha destacado que con este programa se fija un instrumento para animar y ayudar a dar el salto a los emprendedores y las Pymes en la puesta en marcha de un negocio, obteniendo una ayuda que aten\u00fae sus costes.<\/p>\n<\/div>\n","protected":false},"excerpt":{"rendered":"<p>La inversi\u00f3n ser\u00e1 de 5 millones de euros, para animar y ayudar a dar el salto a los emprendedores y las Pymes en la puesta en marcha de un negocio El Gobierno de Castilla-La Mancha ha aprobado hoy la orden de la Consejer\u00eda de Empleo y Econom\u00eda, por la que[&#8230;]<\/p>\n","protected":false},"author":3,"featured_media":1388,"comment_status":"open","ping_status":"open","sticky":false,"template":"","format":"standard","meta":{"footnotes":""},"categories":[6],"tags":[],"class_list":["post-1387","post","type-post","status-publish","format-standard","has-post-thumbnail","hentry","category-emprendedores"],"yoast_head":"<!-- This site is optimized with the Yoast SEO plugin v27.5 - https:\/\/yoast.com\/product\/yoast-seo-wordpress\/ -->\n<title>El Ejecutivo regional de CLM da luz verde al Programa de Apoyo al Emprendimiento y Consolidaci\u00f3n del Tejido Empresarial - Mujer Rural Emprendedora<\/title>\n<meta name=\"description\" content=\"El Gobierno de Castilla-La Mancha ha aprobado hoy la orden de la Consejer\u00eda de Empleo y Econom\u00eda, por la que se establecen las bases reguladoras del Programa de Apoyo al Emprendimiento y Consolidaci\u00f3n del Tejido Empresarial de Castilla-La Mancha, cofinanciadas en un 80 por ciento por el Fondo Europeo de Desarrollo Regional.\" \/>\n<meta name=\"robots\" content=\"index, follow, max-snippet:-1, max-image-preview:large, max-video-preview:-1\" \/>\n<link rel=\"canonical\" href=\"http:\/\/www.mujerruralemprendedora.com\/es\/el-ejecutivo-regional-de-clm-da-luz-verde-al-programa-de-apoyo-al-emprendimiento-y-consolidacion-del-tejido-empresarial\/\" \/>\n<meta property=\"og:locale\" content=\"es_ES\" \/>\n<meta property=\"og:type\" content=\"article\" \/>\n<meta property=\"og:title\" content=\"El Ejecutivo regional de CLM da luz verde al Programa de Apoyo al Emprendimiento y Consolidaci\u00f3n del Tejido Empresarial - Mujer Rural Emprendedora\" \/>\n<meta property=\"og:description\" content=\"El Gobierno de Castilla-La Mancha ha aprobado hoy la orden de la Consejer\u00eda de Empleo y Econom\u00eda, por la que se establecen las bases reguladoras del Programa de Apoyo al Emprendimiento y Consolidaci\u00f3n del Tejido Empresarial de Castilla-La Mancha, cofinanciadas en un 80 por ciento por el Fondo Europeo de Desarrollo Regional.\" \/>\n<meta property=\"og:url\" content=\"http:\/\/www.mujerruralemprendedora.com\/es\/el-ejecutivo-regional-de-clm-da-luz-verde-al-programa-de-apoyo-al-emprendimiento-y-consolidacion-del-tejido-empresarial\/\" \/>\n<meta property=\"og:site_name\" content=\"Mujer Rural Emprendedora\" \/>\n<meta property=\"article:publisher\" content=\"http:\/\/www.facebook.com\/mujerruralemprendedora\" \/>\n<meta property=\"article:published_time\" content=\"2015-05-14T11:49:37+00:00\" \/>\n<meta property=\"og:image\" content=\"http:\/\/www.mujerruralemprendedora.com\/es\/wp-content\/uploads\/sites\/3\/2015\/05\/LEANDRO-ESTEBAN.jpg\" \/>\n\t<meta property=\"og:image:width\" content=\"2592\" \/>\n\t<meta property=\"og:image:height\" content=\"1728\" \/>\n\t<meta property=\"og:image:type\" content=\"image\/jpeg\" \/>\n<meta name=\"author\" content=\"mjesus\" \/>\n<meta name=\"twitter:label1\" content=\"Escrito por\" \/>\n\t<meta name=\"twitter:data1\" content=\"mjesus\" \/>\n\t<meta name=\"twitter:label2\" content=\"Tiempo de lectura\" \/>\n\t<meta name=\"twitter:data2\" content=\"2 minutos\" \/>\n<script type=\"application\/ld+json\" class=\"yoast-schema-graph\">{\"@context\":\"https:\\\/\\\/schema.org\",\"@graph\":[{\"@type\":\"Article\",\"@id\":\"http:\\\/\\\/www.mujerruralemprendedora.com\\\/es\\\/el-ejecutivo-regional-de-clm-da-luz-verde-al-programa-de-apoyo-al-emprendimiento-y-consolidacion-del-tejido-empresarial\\\/#article\",\"isPartOf\":{\"@id\":\"http:\\\/\\\/www.mujerruralemprendedora.com\\\/es\\\/el-ejecutivo-regional-de-clm-da-luz-verde-al-programa-de-apoyo-al-emprendimiento-y-consolidacion-del-tejido-empresarial\\\/\"},\"author\":{\"name\":\"mjesus\",\"@id\":\"http:\\\/\\\/www.mujerruralemprendedora.com\\\/es\\\/#\\\/schema\\\/person\\\/bef3305571cafa6b1960c301df7452ea\"},\"headline\":\"El Ejecutivo regional de CLM da luz verde al Programa de Apoyo al Emprendimiento y Consolidaci\u00f3n del Tejido Empresarial\",\"datePublished\":\"2015-05-14T11:49:37+00:00\",\"mainEntityOfPage\":{\"@id\":\"http:\\\/\\\/www.mujerruralemprendedora.com\\\/es\\\/el-ejecutivo-regional-de-clm-da-luz-verde-al-programa-de-apoyo-al-emprendimiento-y-consolidacion-del-tejido-empresarial\\\/\"},\"wordCount\":460,\"commentCount\":0,\"image\":{\"@id\":\"http:\\\/\\\/www.mujerruralemprendedora.com\\\/es\\\/el-ejecutivo-regional-de-clm-da-luz-verde-al-programa-de-apoyo-al-emprendimiento-y-consolidacion-del-tejido-empresarial\\\/#primaryimage\"},\"thumbnailUrl\":\"http:\\\/\\\/www.mujerruralemprendedora.com\\\/es\\\/wp-content\\\/uploads\\\/sites\\\/3\\\/2015\\\/05\\\/LEANDRO-ESTEBAN.jpg\",\"articleSection\":[\"Emprendedores\"],\"inLanguage\":\"es\",\"potentialAction\":[{\"@type\":\"CommentAction\",\"name\":\"Comment\",\"target\":[\"http:\\\/\\\/www.mujerruralemprendedora.com\\\/es\\\/el-ejecutivo-regional-de-clm-da-luz-verde-al-programa-de-apoyo-al-emprendimiento-y-consolidacion-del-tejido-empresarial\\\/#respond\"]}]},{\"@type\":\"WebPage\",\"@id\":\"http:\\\/\\\/www.mujerruralemprendedora.com\\\/es\\\/el-ejecutivo-regional-de-clm-da-luz-verde-al-programa-de-apoyo-al-emprendimiento-y-consolidacion-del-tejido-empresarial\\\/\",\"url\":\"http:\\\/\\\/www.mujerruralemprendedora.com\\\/es\\\/el-ejecutivo-regional-de-clm-da-luz-verde-al-programa-de-apoyo-al-emprendimiento-y-consolidacion-del-tejido-empresarial\\\/\",\"name\":\"El Ejecutivo regional de CLM da luz verde al Programa de Apoyo al Emprendimiento y Consolidaci\u00f3n del Tejido Empresarial - Mujer Rural Emprendedora\",\"isPartOf\":{\"@id\":\"http:\\\/\\\/www.mujerruralemprendedora.com\\\/es\\\/#website\"},\"primaryImageOfPage\":{\"@id\":\"http:\\\/\\\/www.mujerruralemprendedora.com\\\/es\\\/el-ejecutivo-regional-de-clm-da-luz-verde-al-programa-de-apoyo-al-emprendimiento-y-consolidacion-del-tejido-empresarial\\\/#primaryimage\"},\"image\":{\"@id\":\"http:\\\/\\\/www.mujerruralemprendedora.com\\\/es\\\/el-ejecutivo-regional-de-clm-da-luz-verde-al-programa-de-apoyo-al-emprendimiento-y-consolidacion-del-tejido-empresarial\\\/#primaryimage\"},\"thumbnailUrl\":\"http:\\\/\\\/www.mujerruralemprendedora.com\\\/es\\\/wp-content\\\/uploads\\\/sites\\\/3\\\/2015\\\/05\\\/LEANDRO-ESTEBAN.jpg\",\"datePublished\":\"2015-05-14T11:49:37+00:00\",\"author\":{\"@id\":\"http:\\\/\\\/www.mujerruralemprendedora.com\\\/es\\\/#\\\/schema\\\/person\\\/bef3305571cafa6b1960c301df7452ea\"},\"description\":\"El Gobierno de Castilla-La Mancha ha aprobado hoy la orden de la Consejer\u00eda de Empleo y Econom\u00eda, por la que se establecen las bases reguladoras del Programa de Apoyo al Emprendimiento y Consolidaci\u00f3n del Tejido Empresarial de Castilla-La Mancha, cofinanciadas en un 80 por ciento por el Fondo Europeo de Desarrollo Regional.\",\"breadcrumb\":{\"@id\":\"http:\\\/\\\/www.mujerruralemprendedora.com\\\/es\\\/el-ejecutivo-regional-de-clm-da-luz-verde-al-programa-de-apoyo-al-emprendimiento-y-consolidacion-del-tejido-empresarial\\\/#breadcrumb\"},\"inLanguage\":\"es\",\"potentialAction\":[{\"@type\":\"ReadAction\",\"target\":[\"http:\\\/\\\/www.mujerruralemprendedora.com\\\/es\\\/el-ejecutivo-regional-de-clm-da-luz-verde-al-programa-de-apoyo-al-emprendimiento-y-consolidacion-del-tejido-empresarial\\\/\"]}]},{\"@type\":\"ImageObject\",\"inLanguage\":\"es\",\"@id\":\"http:\\\/\\\/www.mujerruralemprendedora.com\\\/es\\\/el-ejecutivo-regional-de-clm-da-luz-verde-al-programa-de-apoyo-al-emprendimiento-y-consolidacion-del-tejido-empresarial\\\/#primaryimage\",\"url\":\"http:\\\/\\\/www.mujerruralemprendedora.com\\\/es\\\/wp-content\\\/uploads\\\/sites\\\/3\\\/2015\\\/05\\\/LEANDRO-ESTEBAN.jpg\",\"contentUrl\":\"http:\\\/\\\/www.mujerruralemprendedora.com\\\/es\\\/wp-content\\\/uploads\\\/sites\\\/3\\\/2015\\\/05\\\/LEANDRO-ESTEBAN.jpg\",\"width\":2592,\"height\":1728},{\"@type\":\"BreadcrumbList\",\"@id\":\"http:\\\/\\\/www.mujerruralemprendedora.com\\\/es\\\/el-ejecutivo-regional-de-clm-da-luz-verde-al-programa-de-apoyo-al-emprendimiento-y-consolidacion-del-tejido-empresarial\\\/#breadcrumb\",\"itemListElement\":[{\"@type\":\"ListItem\",\"position\":1,\"name\":\"Portada\",\"item\":\"http:\\\/\\\/www.mujerruralemprendedora.com\\\/es\\\/\"},{\"@type\":\"ListItem\",\"position\":2,\"name\":\"El Ejecutivo regional de CLM da luz verde al Programa de Apoyo al Emprendimiento y Consolidaci\u00f3n del Tejido Empresarial\"}]},{\"@type\":\"WebSite\",\"@id\":\"http:\\\/\\\/www.mujerruralemprendedora.com\\\/es\\\/#website\",\"url\":\"http:\\\/\\\/www.mujerruralemprendedora.com\\\/es\\\/\",\"name\":\"Mujer Rural Emprendedora\",\"description\":\"Otro sitio m\u00e1s de Sitios de Mujer Rural Emprendedora\",\"potentialAction\":[{\"@type\":\"SearchAction\",\"target\":{\"@type\":\"EntryPoint\",\"urlTemplate\":\"http:\\\/\\\/www.mujerruralemprendedora.com\\\/es\\\/?s={search_term_string}\"},\"query-input\":{\"@type\":\"PropertyValueSpecification\",\"valueRequired\":true,\"valueName\":\"search_term_string\"}}],\"inLanguage\":\"es\"},{\"@type\":\"Person\",\"@id\":\"http:\\\/\\\/www.mujerruralemprendedora.com\\\/es\\\/#\\\/schema\\\/person\\\/bef3305571cafa6b1960c301df7452ea\",\"name\":\"mjesus\",\"image\":{\"@type\":\"ImageObject\",\"inLanguage\":\"es\",\"@id\":\"https:\\\/\\\/secure.gravatar.com\\\/avatar\\\/6c2c08cfb2f5ecbf35952659564347799503b54d1d61bcb2b159c7dde6af69f4?s=96&d=mm&r=g\",\"url\":\"https:\\\/\\\/secure.gravatar.com\\\/avatar\\\/6c2c08cfb2f5ecbf35952659564347799503b54d1d61bcb2b159c7dde6af69f4?s=96&d=mm&r=g\",\"contentUrl\":\"https:\\\/\\\/secure.gravatar.com\\\/avatar\\\/6c2c08cfb2f5ecbf35952659564347799503b54d1d61bcb2b159c7dde6af69f4?s=96&d=mm&r=g\",\"caption\":\"mjesus\"},\"url\":\"http:\\\/\\\/www.mujerruralemprendedora.com\\\/es\\\/author\\\/mjesus\\\/\"}]}<\/script>\n<!-- \/ Yoast SEO plugin. -->","yoast_head_json":{"title":"El Ejecutivo regional de CLM da luz verde al Programa de Apoyo al Emprendimiento y Consolidaci\u00f3n del Tejido Empresarial - Mujer Rural Emprendedora","description":"El Gobierno de Castilla-La Mancha ha aprobado hoy la orden de la Consejer\u00eda de Empleo y Econom\u00eda, por la que se establecen las bases reguladoras del Programa de Apoyo al Emprendimiento y Consolidaci\u00f3n del Tejido Empresarial de Castilla-La Mancha, cofinanciadas en un 80 por ciento por el Fondo Europeo de Desarrollo Regional.","robots":{"index":"index","follow":"follow","max-snippet":"max-snippet:-1","max-image-preview":"max-image-preview:large","max-video-preview":"max-video-preview:-1"},"canonical":"http:\/\/www.mujerruralemprendedora.com\/es\/el-ejecutivo-regional-de-clm-da-luz-verde-al-programa-de-apoyo-al-emprendimiento-y-consolidacion-del-tejido-empresarial\/","og_locale":"es_ES","og_type":"article","og_title":"El Ejecutivo regional de CLM da luz verde al Programa de Apoyo al Emprendimiento y Consolidaci\u00f3n del Tejido Empresarial - Mujer Rural Emprendedora","og_description":"El Gobierno de Castilla-La Mancha ha aprobado hoy la orden de la Consejer\u00eda de Empleo y Econom\u00eda, por la que se establecen las bases reguladoras del Programa de Apoyo al Emprendimiento y Consolidaci\u00f3n del Tejido Empresarial de Castilla-La Mancha, cofinanciadas en un 80 por ciento por el Fondo Europeo de Desarrollo Regional.","og_url":"http:\/\/www.mujerruralemprendedora.com\/es\/el-ejecutivo-regional-de-clm-da-luz-verde-al-programa-de-apoyo-al-emprendimiento-y-consolidacion-del-tejido-empresarial\/","og_site_name":"Mujer Rural Emprendedora","article_publisher":"http:\/\/www.facebook.com\/mujerruralemprendedora","article_published_time":"2015-05-14T11:49:37+00:00","og_image":[{"width":2592,"height":1728,"url":"http:\/\/www.mujerruralemprendedora.com\/es\/wp-content\/uploads\/sites\/3\/2015\/05\/LEANDRO-ESTEBAN.jpg","type":"image\/jpeg"}],"author":"mjesus","twitter_misc":{"Escrito por":"mjesus","Tiempo de lectura":"2 minutos"},"schema":{"@context":"https:\/\/schema.org","@graph":[{"@type":"Article","@id":"http:\/\/www.mujerruralemprendedora.com\/es\/el-ejecutivo-regional-de-clm-da-luz-verde-al-programa-de-apoyo-al-emprendimiento-y-consolidacion-del-tejido-empresarial\/#article","isPartOf":{"@id":"http:\/\/www.mujerruralemprendedora.com\/es\/el-ejecutivo-regional-de-clm-da-luz-verde-al-programa-de-apoyo-al-emprendimiento-y-consolidacion-del-tejido-empresarial\/"},"author":{"name":"mjesus","@id":"http:\/\/www.mujerruralemprendedora.com\/es\/#\/schema\/person\/bef3305571cafa6b1960c301df7452ea"},"headline":"El Ejecutivo regional de CLM da luz verde al Programa de Apoyo al Emprendimiento y Consolidaci\u00f3n del Tejido Empresarial","datePublished":"2015-05-14T11:49:37+00:00","mainEntityOfPage":{"@id":"http:\/\/www.mujerruralemprendedora.com\/es\/el-ejecutivo-regional-de-clm-da-luz-verde-al-programa-de-apoyo-al-emprendimiento-y-consolidacion-del-tejido-empresarial\/"},"wordCount":460,"commentCount":0,"image":{"@id":"http:\/\/www.mujerruralemprendedora.com\/es\/el-ejecutivo-regional-de-clm-da-luz-verde-al-programa-de-apoyo-al-emprendimiento-y-consolidacion-del-tejido-empresarial\/#primaryimage"},"thumbnailUrl":"http:\/\/www.mujerruralemprendedora.com\/es\/wp-content\/uploads\/sites\/3\/2015\/05\/LEANDRO-ESTEBAN.jpg","articleSection":["Emprendedores"],"inLanguage":"es","potentialAction":[{"@type":"CommentAction","name":"Comment","target":["http:\/\/www.mujerruralemprendedora.com\/es\/el-ejecutivo-regional-de-clm-da-luz-verde-al-programa-de-apoyo-al-emprendimiento-y-consolidacion-del-tejido-empresarial\/#respond"]}]},{"@type":"WebPage","@id":"http:\/\/www.mujerruralemprendedora.com\/es\/el-ejecutivo-regional-de-clm-da-luz-verde-al-programa-de-apoyo-al-emprendimiento-y-consolidacion-del-tejido-empresarial\/","url":"http:\/\/www.mujerruralemprendedora.com\/es\/el-ejecutivo-regional-de-clm-da-luz-verde-al-programa-de-apoyo-al-emprendimiento-y-consolidacion-del-tejido-empresarial\/","name":"El Ejecutivo regional de CLM da luz verde al Programa de Apoyo al Emprendimiento y Consolidaci\u00f3n del Tejido Empresarial - Mujer Rural Emprendedora","isPartOf":{"@id":"http:\/\/www.mujerruralemprendedora.com\/es\/#website"},"primaryImageOfPage":{"@id":"http:\/\/www.mujerruralemprendedora.com\/es\/el-ejecutivo-regional-de-clm-da-luz-verde-al-programa-de-apoyo-al-emprendimiento-y-consolidacion-del-tejido-empresarial\/#primaryimage"},"image":{"@id":"http:\/\/www.mujerruralemprendedora.com\/es\/el-ejecutivo-regional-de-clm-da-luz-verde-al-programa-de-apoyo-al-emprendimiento-y-consolidacion-del-tejido-empresarial\/#primaryimage"},"thumbnailUrl":"http:\/\/www.mujerruralemprendedora.com\/es\/wp-content\/uploads\/sites\/3\/2015\/05\/LEANDRO-ESTEBAN.jpg","datePublished":"2015-05-14T11:49:37+00:00","author":{"@id":"http:\/\/www.mujerruralemprendedora.com\/es\/#\/schema\/person\/bef3305571cafa6b1960c301df7452ea"},"description":"El Gobierno de Castilla-La Mancha ha aprobado hoy la orden de la Consejer\u00eda de Empleo y Econom\u00eda, por la que se establecen las bases reguladoras del Programa de Apoyo al Emprendimiento y Consolidaci\u00f3n del Tejido Empresarial de Castilla-La Mancha, cofinanciadas en un 80 por ciento por el Fondo Europeo de Desarrollo Regional.","breadcrumb":{"@id":"http:\/\/www.mujerruralemprendedora.com\/es\/el-ejecutivo-regional-de-clm-da-luz-verde-al-programa-de-apoyo-al-emprendimiento-y-consolidacion-del-tejido-empresarial\/#breadcrumb"},"inLanguage":"es","potentialAction":[{"@type":"ReadAction","target":["http:\/\/www.mujerruralemprendedora.com\/es\/el-ejecutivo-regional-de-clm-da-luz-verde-al-programa-de-apoyo-al-emprendimiento-y-consolidacion-del-tejido-empresarial\/"]}]},{"@type":"ImageObject","inLanguage":"es","@id":"http:\/\/www.mujerruralemprendedora.com\/es\/el-ejecutivo-regional-de-clm-da-luz-verde-al-programa-de-apoyo-al-emprendimiento-y-consolidacion-del-tejido-empresarial\/#primaryimage","url":"http:\/\/www.mujerruralemprendedora.com\/es\/wp-content\/uploads\/sites\/3\/2015\/05\/LEANDRO-ESTEBAN.jpg","contentUrl":"http:\/\/www.mujerruralemprendedora.com\/es\/wp-content\/uploads\/sites\/3\/2015\/05\/LEANDRO-ESTEBAN.jpg","width":2592,"height":1728},{"@type":"BreadcrumbList","@id":"http:\/\/www.mujerruralemprendedora.com\/es\/el-ejecutivo-regional-de-clm-da-luz-verde-al-programa-de-apoyo-al-emprendimiento-y-consolidacion-del-tejido-empresarial\/#breadcrumb","itemListElement":[{"@type":"ListItem","position":1,"name":"Portada","item":"http:\/\/www.mujerruralemprendedora.com\/es\/"},{"@type":"ListItem","position":2,"name":"El Ejecutivo regional de CLM da luz verde al Programa de Apoyo al Emprendimiento y Consolidaci\u00f3n del Tejido Empresarial"}]},{"@type":"WebSite","@id":"http:\/\/www.mujerruralemprendedora.com\/es\/#website","url":"http:\/\/www.mujerruralemprendedora.com\/es\/","name":"Mujer Rural Emprendedora","description":"Otro sitio m\u00e1s de Sitios de Mujer Rural Emprendedora","potentialAction":[{"@type":"SearchAction","target":{"@type":"EntryPoint","urlTemplate":"http:\/\/www.mujerruralemprendedora.com\/es\/?s={search_term_string}"},"query-input":{"@type":"PropertyValueSpecification","valueRequired":true,"valueName":"search_term_string"}}],"inLanguage":"es"},{"@type":"Person","@id":"http:\/\/www.mujerruralemprendedora.com\/es\/#\/schema\/person\/bef3305571cafa6b1960c301df7452ea","name":"mjesus","image":{"@type":"ImageObject","inLanguage":"es","@id":"https:\/\/secure.gravatar.com\/avatar\/6c2c08cfb2f5ecbf35952659564347799503b54d1d61bcb2b159c7dde6af69f4?s=96&d=mm&r=g","url":"https:\/\/secure.gravatar.com\/avatar\/6c2c08cfb2f5ecbf35952659564347799503b54d1d61bcb2b159c7dde6af69f4?s=96&d=mm&r=g","contentUrl":"https:\/\/secure.gravatar.com\/avatar\/6c2c08cfb2f5ecbf35952659564347799503b54d1d61bcb2b159c7dde6af69f4?s=96&d=mm&r=g","caption":"mjesus"},"url":"http:\/\/www.mujerruralemprendedora.com\/es\/author\/mjesus\/"}]}},"_links":{"self":[{"href":"http:\/\/www.mujerruralemprendedora.com\/es\/wp-json\/wp\/v2\/posts\/1387","targetHints":{"allow":["GET"]}}],"collection":[{"href":"http:\/\/www.mujerruralemprendedora.com\/es\/wp-json\/wp\/v2\/posts"}],"about":[{"href":"http:\/\/www.mujerruralemprendedora.com\/es\/wp-json\/wp\/v2\/types\/post"}],"author":[{"embeddable":true,"href":"http:\/\/www.mujerruralemprendedora.com\/es\/wp-json\/wp\/v2\/users\/3"}],"replies":[{"embeddable":true,"href":"http:\/\/www.mujerruralemprendedora.com\/es\/wp-json\/wp\/v2\/comments?post=1387"}],"version-history":[{"count":1,"href":"http:\/\/www.mujerruralemprendedora.com\/es\/wp-json\/wp\/v2\/posts\/1387\/revisions"}],"predecessor-version":[{"id":1389,"href":"http:\/\/www.mujerruralemprendedora.com\/es\/wp-json\/wp\/v2\/posts\/1387\/revisions\/1389"}],"wp:featuredmedia":[{"embeddable":true,"href":"http:\/\/www.mujerruralemprendedora.com\/es\/wp-json\/wp\/v2\/media\/1388"}],"wp:attachment":[{"href":"http:\/\/www.mujerruralemprendedora.com\/es\/wp-json\/wp\/v2\/media?parent=1387"}],"wp:term":[{"taxonomy":"category","embeddable":true,"href":"http:\/\/www.mujerruralemprendedora.com\/es\/wp-json\/wp\/v2\/categories?post=1387"},{"taxonomy":"post_tag","embeddable":true,"href":"http:\/\/www.mujerruralemprendedora.com\/es\/wp-json\/wp\/v2\/tags?post=1387"}],"curies":[{"name":"wp","href":"https:\/\/api.w.org\/{rel}","templated":true}]}}