{"id":1465,"date":"2015-05-29T07:55:29","date_gmt":"2015-05-29T07:55:29","guid":{"rendered":"http:\/\/www.mujerruralemprendedora.com\/es\/?p=1465"},"modified":"2015-05-29T07:55:29","modified_gmt":"2015-05-29T07:55:29","slug":"cuidamos-a-los-cuidadores","status":"publish","type":"post","link":"http:\/\/www.mujerruralemprendedora.com\/es\/cuidamos-a-los-cuidadores\/","title":{"rendered":"\u00bfCuidamos a los cuidadores?"},"content":{"rendered":"<p><strong>La segunda v\u00edctima de la enfermedad del Alzheimer es el cuidador principal<\/strong> que suele ser un familiar y que es quien desde un principio ha asumido el compromiso de velar por el bienestar de su pariente enfermo. Por lo menos, en el 80% de los casos de enfermos de Alzheimer son las familias quienes asumen en el domicilio los cuidados de estos enfermos. El 65% de los familiares que cuidan directamente al enfermo sufrir\u00e1n cambios sustanciales en sus vidas y, sobre todo, una merma de su salud f\u00edsica y\/o ps\u00edquica, llegando a padecer un cuadro intenso conocido como \u201c<em>burn-out<\/em>\u201d o \u201c<em>cuidador quemado<\/em>\u201d. Durante a\u00f1os van arrastrando, como pueden, sentimientos encontrados de amor y lealtad con otros de desesperaci\u00f3n y cansancio. No es f\u00e1cil suponer que, algunas veces, puedan desear que el calvario termine cuanto antes, pero como negaci\u00f3n de ese deseo comprensible, su reacci\u00f3n es volcarse a\u00fan m\u00e1s en el cuidado de su familiar, hasta l\u00edmites de enorme sacrificio. Y adem\u00e1s de todo esto, convendr\u00eda tener en cuenta que se estima que alrededor de <strong>un 40% de los cuidadores no reciben ayuda de ninguna persona, ni siquiera de familiares cercanos<\/strong>. Tambi\u00e9n en algunas ocasiones el cuidador rechaza todo tipo de ayuda convencido de que como \u00e9l nadie va a soportar tan dura carga y puesto que ya ha renunciado a su propio bienestar, no desea que nadie m\u00e1s cargue con este sacrificio, no quiere que el enfermo, con el que ha creado un v\u00ednculo de interdependencia, sea motivo de rechazo para otras personas.<\/p>\n<p>Por eso creo que atender a un enfermo en su casa supone un verdadero reto para la familia, una vez que se ha superado el impacto emocional del diagn\u00f3stico, la adaptaci\u00f3n psicol\u00f3gica de los espacios del hogar, de los roles familiares\u2026 Es entonces cuando la familia pasa a formar parte del equipo terap\u00e9utico y su colaboraci\u00f3n es fundamental en todo el proceso. No olvidemos que el enfermo, la familia y el equipo terap\u00e9utico constituyen los pilares b\u00e1sicos para proporcionar calidad en el cuidado al final de la vida. Los profesionales de la salud no tenemos en cuenta suficientemente la necesidad de propiciar el protagonismo de la familia, valor\u00e1ndola como un pilar importante en el proceso de la enfermedad de su familiar, ya que sin su compa\u00f1\u00eda y sin su apoyo el enfermo perder\u00eda gran parte de su confort. Por eso es necesario apoyar y acompa\u00f1ar a la familia ya que es dif\u00edcil perder a un ser querido y, para algunos, puede ser la primera vez que viven de cerca este proceso.<\/p>\n<p>La figura del cuidador del enfermo de Alzheimer va a ser trascendental para la\u00a0calidad de vida del enfermo y para la informaci\u00f3n de su estado al profesional sanitario, ya que llegar\u00e1 el momento en que va a ser el \u00fanico referente que el enfermo tenga con el mundo exterior, por lo que es imprescindible que posea un adecuado nivel de informaci\u00f3n sobre los procesos por los que est\u00e1 atravesando su familiar y la formaci\u00f3n conveniente para actuar ante los problemas que ir\u00e1n surgiendo a medida que la enfermedad progrese.<\/p>\n<p><strong>No cabe la menor duda que es muy positivo, para la calidad de vida del enfermo, el que viva en su domicilio toda su vida<\/strong>, rodeado de sus propios objetos y por sus seres queridos. Pero la otra cara oscura de esta situaci\u00f3n es el abandono de responsabilidades por parte del estado y del Sistema Sanitario, la sobrecarga del cuidado que se acumula sobre la familia, la fuente de conflictos que ello puede acarrear, el agotamiento econ\u00f3mico de los recursos familiares y, como hemos dicho antes, el posible\u00a0burn-out\u00a0del cuidador principal.<\/p>\n<p>Si queremos lograr que los enfermos reciban en su hogar la atenci\u00f3n adecuada es imprescindible que a estos familiares, como brazo que se proyecta del equipo de cuidados, se les prepare para esta funciones. Prepararles significa adiestrarlos para el cuidado integral del paciente y tambi\u00e9n brindarle soporte suficiente para que este familiar pueda ejercer su funci\u00f3n con el menor costo emocional posible.<\/p>\n<blockquote><p><strong>Reconocer social e institucionalmente a los cuidadores es un deber que no debemos eludir nadie, ni la sociedad, ni las instituciones responsables de los ciudadanos enfermos, de los ancianos, de todas esas personas que no se valen por s\u00ed mismas<\/strong>.<\/p><\/blockquote>\n<p>Pero el deber no puede limitarse a reconocer, sino a dar soluciones al cuidado de los cuidadores, ya que cuidando a los cuidadores cuidaremos mejor a los enfermos. La ayuda que les podemos aportar entre todos es nuestro apoyo valorando su trabajo, form\u00e1ndoles para que se sientan seguros realizando su trabajo y, adem\u00e1s, aliviando sus cargas econ\u00f3micas.<\/p>\n<p>En este art\u00edculo nos hemos\u00a0referido fundamentalmente a los cuidadores de los enfermos de Alzheimer porque es justo resaltar p\u00fablicamente su labor. \u00bfPor qu\u00e9 no hacerlo extensivo a los cuidadores de cualquier enfermo con enfermedad avanzada, irreversible, terminal\u2026? <strong>Tenemos\u00a0que hacer un esfuerzo para cuidar mejor a los cuidadores<\/strong> \u00bfno le parece?<\/p>\n<p>&nbsp;<\/p>\n<p>FUENTE: <a href=\"http:\/\/www.serdomas.es\/cuidamos-a-los-cuidadores\/\" target=\"_blank\">Serdomas<\/a><\/p>\n","protected":false},"excerpt":{"rendered":"<p>La segunda v\u00edctima de la enfermedad del Alzheimer es el cuidador principal que suele ser un familiar y que es quien desde un principio ha asumido el compromiso de velar por el bienestar de su pariente enfermo. Por lo menos, en el 80% de los casos de enfermos de Alzheimer[&#8230;]<\/p>\n","protected":false},"author":3,"featured_media":0,"comment_status":"open","ping_status":"open","sticky":false,"template":"","format":"standard","meta":{"footnotes":""},"categories":[5],"tags":[],"class_list":["post-1465","post","type-post","status-publish","format-standard","hentry","category-ayuda-a-domicilio"],"yoast_head":"<!-- This site is optimized with the Yoast SEO plugin v27.5 - https:\/\/yoast.com\/product\/yoast-seo-wordpress\/ -->\n<title>\u00bfCuidamos a los cuidadores? - Mujer Rural Emprendedora<\/title>\n<meta name=\"description\" content=\"La segunda v\u00edctima de la enfermedad del Alzheimer es el cuidador principal que suele ser un familiar y que es quien desde un principio ha asumido el compromiso de velar por el bienestar de su pariente enfermo.\" \/>\n<meta name=\"robots\" content=\"index, follow, max-snippet:-1, max-image-preview:large, max-video-preview:-1\" \/>\n<link rel=\"canonical\" href=\"http:\/\/www.mujerruralemprendedora.com\/es\/cuidamos-a-los-cuidadores\/\" \/>\n<meta property=\"og:locale\" content=\"es_ES\" \/>\n<meta property=\"og:type\" content=\"article\" \/>\n<meta property=\"og:title\" content=\"\u00bfCuidamos a los cuidadores? - Mujer Rural Emprendedora\" \/>\n<meta property=\"og:description\" content=\"La segunda v\u00edctima de la enfermedad del Alzheimer es el cuidador principal que suele ser un familiar y que es quien desde un principio ha asumido el compromiso de velar por el bienestar de su pariente enfermo.\" \/>\n<meta property=\"og:url\" content=\"http:\/\/www.mujerruralemprendedora.com\/es\/cuidamos-a-los-cuidadores\/\" \/>\n<meta property=\"og:site_name\" content=\"Mujer Rural Emprendedora\" \/>\n<meta property=\"article:publisher\" content=\"http:\/\/www.facebook.com\/mujerruralemprendedora\" \/>\n<meta property=\"article:published_time\" content=\"2015-05-29T07:55:29+00:00\" \/>\n<meta name=\"author\" content=\"mjesus\" \/>\n<meta name=\"twitter:label1\" content=\"Escrito por\" \/>\n\t<meta name=\"twitter:data1\" content=\"mjesus\" \/>\n\t<meta name=\"twitter:label2\" content=\"Tiempo de lectura\" \/>\n\t<meta name=\"twitter:data2\" content=\"4 minutos\" \/>\n<script type=\"application\/ld+json\" class=\"yoast-schema-graph\">{\"@context\":\"https:\\\/\\\/schema.org\",\"@graph\":[{\"@type\":\"Article\",\"@id\":\"http:\\\/\\\/www.mujerruralemprendedora.com\\\/es\\\/cuidamos-a-los-cuidadores\\\/#article\",\"isPartOf\":{\"@id\":\"http:\\\/\\\/www.mujerruralemprendedora.com\\\/es\\\/cuidamos-a-los-cuidadores\\\/\"},\"author\":{\"name\":\"mjesus\",\"@id\":\"http:\\\/\\\/www.mujerruralemprendedora.com\\\/es\\\/#\\\/schema\\\/person\\\/bef3305571cafa6b1960c301df7452ea\"},\"headline\":\"\u00bfCuidamos a los cuidadores?\",\"datePublished\":\"2015-05-29T07:55:29+00:00\",\"mainEntityOfPage\":{\"@id\":\"http:\\\/\\\/www.mujerruralemprendedora.com\\\/es\\\/cuidamos-a-los-cuidadores\\\/\"},\"wordCount\":865,\"commentCount\":0,\"articleSection\":[\"Ayuda a Domicilio\"],\"inLanguage\":\"es\",\"potentialAction\":[{\"@type\":\"CommentAction\",\"name\":\"Comment\",\"target\":[\"http:\\\/\\\/www.mujerruralemprendedora.com\\\/es\\\/cuidamos-a-los-cuidadores\\\/#respond\"]}]},{\"@type\":\"WebPage\",\"@id\":\"http:\\\/\\\/www.mujerruralemprendedora.com\\\/es\\\/cuidamos-a-los-cuidadores\\\/\",\"url\":\"http:\\\/\\\/www.mujerruralemprendedora.com\\\/es\\\/cuidamos-a-los-cuidadores\\\/\",\"name\":\"\u00bfCuidamos a los cuidadores? - Mujer Rural Emprendedora\",\"isPartOf\":{\"@id\":\"http:\\\/\\\/www.mujerruralemprendedora.com\\\/es\\\/#website\"},\"datePublished\":\"2015-05-29T07:55:29+00:00\",\"author\":{\"@id\":\"http:\\\/\\\/www.mujerruralemprendedora.com\\\/es\\\/#\\\/schema\\\/person\\\/bef3305571cafa6b1960c301df7452ea\"},\"description\":\"La segunda v\u00edctima de la enfermedad del Alzheimer es el cuidador principal que suele ser un familiar y que es quien desde un principio ha asumido el compromiso de velar por el bienestar de su pariente enfermo.\",\"breadcrumb\":{\"@id\":\"http:\\\/\\\/www.mujerruralemprendedora.com\\\/es\\\/cuidamos-a-los-cuidadores\\\/#breadcrumb\"},\"inLanguage\":\"es\",\"potentialAction\":[{\"@type\":\"ReadAction\",\"target\":[\"http:\\\/\\\/www.mujerruralemprendedora.com\\\/es\\\/cuidamos-a-los-cuidadores\\\/\"]}]},{\"@type\":\"BreadcrumbList\",\"@id\":\"http:\\\/\\\/www.mujerruralemprendedora.com\\\/es\\\/cuidamos-a-los-cuidadores\\\/#breadcrumb\",\"itemListElement\":[{\"@type\":\"ListItem\",\"position\":1,\"name\":\"Portada\",\"item\":\"http:\\\/\\\/www.mujerruralemprendedora.com\\\/es\\\/\"},{\"@type\":\"ListItem\",\"position\":2,\"name\":\"\u00bfCuidamos a los cuidadores?\"}]},{\"@type\":\"WebSite\",\"@id\":\"http:\\\/\\\/www.mujerruralemprendedora.com\\\/es\\\/#website\",\"url\":\"http:\\\/\\\/www.mujerruralemprendedora.com\\\/es\\\/\",\"name\":\"Mujer Rural Emprendedora\",\"description\":\"Otro sitio m\u00e1s de Sitios de Mujer Rural Emprendedora\",\"potentialAction\":[{\"@type\":\"SearchAction\",\"target\":{\"@type\":\"EntryPoint\",\"urlTemplate\":\"http:\\\/\\\/www.mujerruralemprendedora.com\\\/es\\\/?s={search_term_string}\"},\"query-input\":{\"@type\":\"PropertyValueSpecification\",\"valueRequired\":true,\"valueName\":\"search_term_string\"}}],\"inLanguage\":\"es\"},{\"@type\":\"Person\",\"@id\":\"http:\\\/\\\/www.mujerruralemprendedora.com\\\/es\\\/#\\\/schema\\\/person\\\/bef3305571cafa6b1960c301df7452ea\",\"name\":\"mjesus\",\"image\":{\"@type\":\"ImageObject\",\"inLanguage\":\"es\",\"@id\":\"https:\\\/\\\/secure.gravatar.com\\\/avatar\\\/6c2c08cfb2f5ecbf35952659564347799503b54d1d61bcb2b159c7dde6af69f4?s=96&d=mm&r=g\",\"url\":\"https:\\\/\\\/secure.gravatar.com\\\/avatar\\\/6c2c08cfb2f5ecbf35952659564347799503b54d1d61bcb2b159c7dde6af69f4?s=96&d=mm&r=g\",\"contentUrl\":\"https:\\\/\\\/secure.gravatar.com\\\/avatar\\\/6c2c08cfb2f5ecbf35952659564347799503b54d1d61bcb2b159c7dde6af69f4?s=96&d=mm&r=g\",\"caption\":\"mjesus\"},\"url\":\"http:\\\/\\\/www.mujerruralemprendedora.com\\\/es\\\/author\\\/mjesus\\\/\"}]}<\/script>\n<!-- \/ Yoast SEO plugin. -->","yoast_head_json":{"title":"\u00bfCuidamos a los cuidadores? - Mujer Rural Emprendedora","description":"La segunda v\u00edctima de la enfermedad del Alzheimer es el cuidador principal que suele ser un familiar y que es quien desde un principio ha asumido el compromiso de velar por el bienestar de su pariente enfermo.","robots":{"index":"index","follow":"follow","max-snippet":"max-snippet:-1","max-image-preview":"max-image-preview:large","max-video-preview":"max-video-preview:-1"},"canonical":"http:\/\/www.mujerruralemprendedora.com\/es\/cuidamos-a-los-cuidadores\/","og_locale":"es_ES","og_type":"article","og_title":"\u00bfCuidamos a los cuidadores? - Mujer Rural Emprendedora","og_description":"La segunda v\u00edctima de la enfermedad del Alzheimer es el cuidador principal que suele ser un familiar y que es quien desde un principio ha asumido el compromiso de velar por el bienestar de su pariente enfermo.","og_url":"http:\/\/www.mujerruralemprendedora.com\/es\/cuidamos-a-los-cuidadores\/","og_site_name":"Mujer Rural Emprendedora","article_publisher":"http:\/\/www.facebook.com\/mujerruralemprendedora","article_published_time":"2015-05-29T07:55:29+00:00","author":"mjesus","twitter_misc":{"Escrito por":"mjesus","Tiempo de lectura":"4 minutos"},"schema":{"@context":"https:\/\/schema.org","@graph":[{"@type":"Article","@id":"http:\/\/www.mujerruralemprendedora.com\/es\/cuidamos-a-los-cuidadores\/#article","isPartOf":{"@id":"http:\/\/www.mujerruralemprendedora.com\/es\/cuidamos-a-los-cuidadores\/"},"author":{"name":"mjesus","@id":"http:\/\/www.mujerruralemprendedora.com\/es\/#\/schema\/person\/bef3305571cafa6b1960c301df7452ea"},"headline":"\u00bfCuidamos a los cuidadores?","datePublished":"2015-05-29T07:55:29+00:00","mainEntityOfPage":{"@id":"http:\/\/www.mujerruralemprendedora.com\/es\/cuidamos-a-los-cuidadores\/"},"wordCount":865,"commentCount":0,"articleSection":["Ayuda a Domicilio"],"inLanguage":"es","potentialAction":[{"@type":"CommentAction","name":"Comment","target":["http:\/\/www.mujerruralemprendedora.com\/es\/cuidamos-a-los-cuidadores\/#respond"]}]},{"@type":"WebPage","@id":"http:\/\/www.mujerruralemprendedora.com\/es\/cuidamos-a-los-cuidadores\/","url":"http:\/\/www.mujerruralemprendedora.com\/es\/cuidamos-a-los-cuidadores\/","name":"\u00bfCuidamos a los cuidadores? - Mujer Rural Emprendedora","isPartOf":{"@id":"http:\/\/www.mujerruralemprendedora.com\/es\/#website"},"datePublished":"2015-05-29T07:55:29+00:00","author":{"@id":"http:\/\/www.mujerruralemprendedora.com\/es\/#\/schema\/person\/bef3305571cafa6b1960c301df7452ea"},"description":"La segunda v\u00edctima de la enfermedad del Alzheimer es el cuidador principal que suele ser un familiar y que es quien desde un principio ha asumido el compromiso de velar por el bienestar de su pariente enfermo.","breadcrumb":{"@id":"http:\/\/www.mujerruralemprendedora.com\/es\/cuidamos-a-los-cuidadores\/#breadcrumb"},"inLanguage":"es","potentialAction":[{"@type":"ReadAction","target":["http:\/\/www.mujerruralemprendedora.com\/es\/cuidamos-a-los-cuidadores\/"]}]},{"@type":"BreadcrumbList","@id":"http:\/\/www.mujerruralemprendedora.com\/es\/cuidamos-a-los-cuidadores\/#breadcrumb","itemListElement":[{"@type":"ListItem","position":1,"name":"Portada","item":"http:\/\/www.mujerruralemprendedora.com\/es\/"},{"@type":"ListItem","position":2,"name":"\u00bfCuidamos a los cuidadores?"}]},{"@type":"WebSite","@id":"http:\/\/www.mujerruralemprendedora.com\/es\/#website","url":"http:\/\/www.mujerruralemprendedora.com\/es\/","name":"Mujer Rural Emprendedora","description":"Otro sitio m\u00e1s de Sitios de Mujer Rural Emprendedora","potentialAction":[{"@type":"SearchAction","target":{"@type":"EntryPoint","urlTemplate":"http:\/\/www.mujerruralemprendedora.com\/es\/?s={search_term_string}"},"query-input":{"@type":"PropertyValueSpecification","valueRequired":true,"valueName":"search_term_string"}}],"inLanguage":"es"},{"@type":"Person","@id":"http:\/\/www.mujerruralemprendedora.com\/es\/#\/schema\/person\/bef3305571cafa6b1960c301df7452ea","name":"mjesus","image":{"@type":"ImageObject","inLanguage":"es","@id":"https:\/\/secure.gravatar.com\/avatar\/6c2c08cfb2f5ecbf35952659564347799503b54d1d61bcb2b159c7dde6af69f4?s=96&d=mm&r=g","url":"https:\/\/secure.gravatar.com\/avatar\/6c2c08cfb2f5ecbf35952659564347799503b54d1d61bcb2b159c7dde6af69f4?s=96&d=mm&r=g","contentUrl":"https:\/\/secure.gravatar.com\/avatar\/6c2c08cfb2f5ecbf35952659564347799503b54d1d61bcb2b159c7dde6af69f4?s=96&d=mm&r=g","caption":"mjesus"},"url":"http:\/\/www.mujerruralemprendedora.com\/es\/author\/mjesus\/"}]}},"_links":{"self":[{"href":"http:\/\/www.mujerruralemprendedora.com\/es\/wp-json\/wp\/v2\/posts\/1465","targetHints":{"allow":["GET"]}}],"collection":[{"href":"http:\/\/www.mujerruralemprendedora.com\/es\/wp-json\/wp\/v2\/posts"}],"about":[{"href":"http:\/\/www.mujerruralemprendedora.com\/es\/wp-json\/wp\/v2\/types\/post"}],"author":[{"embeddable":true,"href":"http:\/\/www.mujerruralemprendedora.com\/es\/wp-json\/wp\/v2\/users\/3"}],"replies":[{"embeddable":true,"href":"http:\/\/www.mujerruralemprendedora.com\/es\/wp-json\/wp\/v2\/comments?post=1465"}],"version-history":[{"count":1,"href":"http:\/\/www.mujerruralemprendedora.com\/es\/wp-json\/wp\/v2\/posts\/1465\/revisions"}],"predecessor-version":[{"id":1466,"href":"http:\/\/www.mujerruralemprendedora.com\/es\/wp-json\/wp\/v2\/posts\/1465\/revisions\/1466"}],"wp:attachment":[{"href":"http:\/\/www.mujerruralemprendedora.com\/es\/wp-json\/wp\/v2\/media?parent=1465"}],"wp:term":[{"taxonomy":"category","embeddable":true,"href":"http:\/\/www.mujerruralemprendedora.com\/es\/wp-json\/wp\/v2\/categories?post=1465"},{"taxonomy":"post_tag","embeddable":true,"href":"http:\/\/www.mujerruralemprendedora.com\/es\/wp-json\/wp\/v2\/tags?post=1465"}],"curies":[{"name":"wp","href":"https:\/\/api.w.org\/{rel}","templated":true}]}}