{"id":1570,"date":"2015-06-18T10:28:15","date_gmt":"2015-06-18T10:28:15","guid":{"rendered":"http:\/\/www.mujerruralemprendedora.com\/es\/?p=1570"},"modified":"2015-06-18T10:29:34","modified_gmt":"2015-06-18T10:29:34","slug":"charla-en-almeria-para-detectar-el-maltrato-y-los-abusos-a-las-personas-mayores","status":"publish","type":"post","link":"http:\/\/www.mujerruralemprendedora.com\/es\/charla-en-almeria-para-detectar-el-maltrato-y-los-abusos-a-las-personas-mayores\/","title":{"rendered":"Charla en Almeria para detectar el maltrato y los abusos a las personas mayores"},"content":{"rendered":"<table style=\"height: 979px;\" width=\"797\" cellspacing=\"0\" cellpadding=\"0\" align=\"center\">\n<tbody>\n<tr>\n<td><span style=\"color: #000000;\">Si hay alguien que se merece todo lo que se haga por ellos, son las personas mayores, que han dado toda una vida por los dem\u00e1s. De ah\u00ed que el Centro de D\u00eda para Personas Mayores de Garrucha haya organizado una charla con motivo del \u2018D\u00eda mundial de toma de conciencia de abuso y maltrato en la vejez\u2019 con el objetivo de prevenir estas situaciones.\u00a0 Dicha charla fue impartida, en las mismas instalaciones del centro, por Elisabeth Campos, trabajadora social y directora del Centro de D\u00eda de Garrucha, que gestiona la Federaci\u00f3n Almeriense de Asociaciones de Personas con Discapacidad (FAAM).<\/span><span style=\"color: #000000;\">Se estima que entre el 4% y el 6% de las personas mayores de todo el mundo han sufrido alguna forma de abuso y maltrato. El maltrato de las personas mayores es un problema social mundial que afecta a la salud y los derechos humanos de millones de personas mayores en todo el mundo y que puede llevar a graves lesiones f\u00edsicas y tener consecuencias psicol\u00f3gicas a largo plazo.<\/span><\/p>\n<p><span style=\"color: #000000;\">Hasta el Centro de D\u00eda de Garrucha se acercaron personas mayores, familiares o profesionales, interesados en conocer diversos aspectos sobre el tema, como los distintos tipos de malos tratos que pueden sufrir las personas mayores, y aprender herramientas para actuar ante estas situaciones.<\/span><\/p>\n<p><span style=\"color: #000000;\"><strong>Tipolog\u00eda<\/strong><\/span><br \/>\n<span style=\"color: #000000;\"> La directora del Centro de D\u00eda de Garrucha expuso en esta actividad la diversidad que hay de maltratos con la vejez, algunos de ellos desconocidos para muchos. De esta manera, habl\u00f3 de maltrato f\u00edsico, psicol\u00f3gico, financiero, estructural, m\u00e9dico, cultural e, incluso, del automaltrato.<\/span><\/p>\n<p><span style=\"color: #000000;\">Tambi\u00e9n expuso distintas situaciones de alerta en las que se puede observar dicha situaci\u00f3n de maltrato o abuso. Para Campos, el maltrato puede tener causas muy diversas, \u201clas actuales formas de familia, las distintas funciones que tienen los abuelos o la soledad y el aislamiento pueden derivarse en situaciones de abuso y maltrato. Dicho maltrato puede ir desde la violencia hasta la falta de ayuda m\u00e1s b\u00e1sica en la alimentaci\u00f3n y el vestido\u201d.<\/span><\/p>\n<p><span style=\"color: #000000;\">Como colof\u00f3n a esta interesante charla, la misma ponente y directora del centro ley\u00f3 un manifiesto aprovechando la efem\u00e9rides del \u2018D\u00eda mundial de toma de conciencia de abuso y maltrato en la vejez\u2019.<\/span><\/p>\n<p><span style=\"color: #000000;\"><strong>Con varios mensajes<\/strong><\/span><br \/>\n<span style=\"color: #000000;\"> En dicho manifiesto record\u00f3 una serie de derechos de las personas mayores: \u201cNo te burles si te repito las cosas; no me chilles si no te hago caso, tal vez no te oiga; no me hables como si fuera un ni\u00f1o, soy adulto, no lo olvides; no me hagas chantaje, as\u00ed no vas a conseguir nada; no cojas mi dinero a escondidas, me enterar\u00e9 y me har\u00e1s da\u00f1o; no te pongas nervioso, yo voy despacio; no me hagas todas las tareas dom\u00e9sticas, as\u00ed me siento in\u00fatil; no me abandones, te necesito; no me mandes a callar, esc\u00fachame; no me trates como un estorbo, seguro que te puedo ayudar; no me insultes, entiendo todas y cada una de las palabras que me dices; haz que mis \u00faltimos d\u00edas de vida sean tan felices como los primeros de la tuya\u201d.<\/span><\/p>\n<p><span style=\"color: #000000;\">A esta actividad acudieron personas mayores, familiares o profesionales. Todos ellos quisieron aprender c\u00f3mo detectar un caso de maltrata a este colectivo.<\/span><\/p>\n<p>FUENTE: <a href=\"http:\/\/www.lavozdealmeria.es\/Noticias\/84905\/3\/Charla-para-detectar-el-maltrato-y-los-abusos-a-las-personas-mayores\" target=\"_blank\">La Voz de Almeria<\/a><\/td>\n<\/tr>\n<\/tbody>\n<\/table>\n<p>&nbsp;<\/p>\n","protected":false},"excerpt":{"rendered":"<p>Si hay alguien que se merece todo lo que se haga por ellos, son las personas mayores, que han dado toda una vida por los dem\u00e1s. De ah\u00ed que el Centro de D\u00eda para Personas Mayores de Garrucha haya organizado una charla con motivo del \u2018D\u00eda mundial de toma de[&#8230;]<\/p>\n","protected":false},"author":3,"featured_media":0,"comment_status":"open","ping_status":"open","sticky":false,"template":"","format":"standard","meta":{"footnotes":""},"categories":[5],"tags":[],"class_list":["post-1570","post","type-post","status-publish","format-standard","hentry","category-ayuda-a-domicilio"],"yoast_head":"<!-- This site is optimized with the Yoast SEO plugin v27.4 - https:\/\/yoast.com\/product\/yoast-seo-wordpress\/ -->\n<title>Charla en Almeria para detectar el maltrato y los abusos a las personas mayores - Mujer Rural Emprendedora<\/title>\n<meta name=\"robots\" content=\"index, follow, max-snippet:-1, max-image-preview:large, max-video-preview:-1\" \/>\n<link rel=\"canonical\" href=\"http:\/\/www.mujerruralemprendedora.com\/es\/charla-en-almeria-para-detectar-el-maltrato-y-los-abusos-a-las-personas-mayores\/\" \/>\n<meta property=\"og:locale\" content=\"es_ES\" \/>\n<meta property=\"og:type\" content=\"article\" \/>\n<meta property=\"og:title\" content=\"Charla en Almeria para detectar el maltrato y los abusos a las personas mayores - Mujer Rural Emprendedora\" \/>\n<meta property=\"og:description\" content=\"Si hay alguien que se merece todo lo que se haga por ellos, son las personas mayores, que han dado toda una vida por los dem\u00e1s. De ah\u00ed que el Centro de D\u00eda para Personas Mayores de Garrucha haya organizado una charla con motivo del \u2018D\u00eda mundial de toma de[...]\" \/>\n<meta property=\"og:url\" content=\"http:\/\/www.mujerruralemprendedora.com\/es\/charla-en-almeria-para-detectar-el-maltrato-y-los-abusos-a-las-personas-mayores\/\" \/>\n<meta property=\"og:site_name\" content=\"Mujer Rural Emprendedora\" \/>\n<meta property=\"article:publisher\" content=\"http:\/\/www.facebook.com\/mujerruralemprendedora\" \/>\n<meta property=\"article:published_time\" content=\"2015-06-18T10:28:15+00:00\" \/>\n<meta property=\"article:modified_time\" content=\"2015-06-18T10:29:34+00:00\" \/>\n<meta name=\"author\" content=\"mjesus\" \/>\n<meta name=\"twitter:label1\" content=\"Escrito por\" \/>\n\t<meta name=\"twitter:data1\" content=\"mjesus\" \/>\n\t<meta name=\"twitter:label2\" content=\"Tiempo de lectura\" \/>\n\t<meta name=\"twitter:data2\" content=\"3 minutos\" \/>\n<script type=\"application\/ld+json\" class=\"yoast-schema-graph\">{\"@context\":\"https:\\\/\\\/schema.org\",\"@graph\":[{\"@type\":\"Article\",\"@id\":\"http:\\\/\\\/www.mujerruralemprendedora.com\\\/es\\\/charla-en-almeria-para-detectar-el-maltrato-y-los-abusos-a-las-personas-mayores\\\/#article\",\"isPartOf\":{\"@id\":\"http:\\\/\\\/www.mujerruralemprendedora.com\\\/es\\\/charla-en-almeria-para-detectar-el-maltrato-y-los-abusos-a-las-personas-mayores\\\/\"},\"author\":{\"name\":\"mjesus\",\"@id\":\"http:\\\/\\\/www.mujerruralemprendedora.com\\\/es\\\/#\\\/schema\\\/person\\\/bef3305571cafa6b1960c301df7452ea\"},\"headline\":\"Charla en Almeria para detectar el maltrato y los abusos a las personas mayores\",\"datePublished\":\"2015-06-18T10:28:15+00:00\",\"dateModified\":\"2015-06-18T10:29:34+00:00\",\"mainEntityOfPage\":{\"@id\":\"http:\\\/\\\/www.mujerruralemprendedora.com\\\/es\\\/charla-en-almeria-para-detectar-el-maltrato-y-los-abusos-a-las-personas-mayores\\\/\"},\"wordCount\":572,\"commentCount\":0,\"articleSection\":[\"Ayuda a Domicilio\"],\"inLanguage\":\"es\",\"potentialAction\":[{\"@type\":\"CommentAction\",\"name\":\"Comment\",\"target\":[\"http:\\\/\\\/www.mujerruralemprendedora.com\\\/es\\\/charla-en-almeria-para-detectar-el-maltrato-y-los-abusos-a-las-personas-mayores\\\/#respond\"]}]},{\"@type\":\"WebPage\",\"@id\":\"http:\\\/\\\/www.mujerruralemprendedora.com\\\/es\\\/charla-en-almeria-para-detectar-el-maltrato-y-los-abusos-a-las-personas-mayores\\\/\",\"url\":\"http:\\\/\\\/www.mujerruralemprendedora.com\\\/es\\\/charla-en-almeria-para-detectar-el-maltrato-y-los-abusos-a-las-personas-mayores\\\/\",\"name\":\"Charla en Almeria para detectar el maltrato y los abusos a las personas mayores - Mujer Rural Emprendedora\",\"isPartOf\":{\"@id\":\"http:\\\/\\\/www.mujerruralemprendedora.com\\\/es\\\/#website\"},\"datePublished\":\"2015-06-18T10:28:15+00:00\",\"dateModified\":\"2015-06-18T10:29:34+00:00\",\"author\":{\"@id\":\"http:\\\/\\\/www.mujerruralemprendedora.com\\\/es\\\/#\\\/schema\\\/person\\\/bef3305571cafa6b1960c301df7452ea\"},\"breadcrumb\":{\"@id\":\"http:\\\/\\\/www.mujerruralemprendedora.com\\\/es\\\/charla-en-almeria-para-detectar-el-maltrato-y-los-abusos-a-las-personas-mayores\\\/#breadcrumb\"},\"inLanguage\":\"es\",\"potentialAction\":[{\"@type\":\"ReadAction\",\"target\":[\"http:\\\/\\\/www.mujerruralemprendedora.com\\\/es\\\/charla-en-almeria-para-detectar-el-maltrato-y-los-abusos-a-las-personas-mayores\\\/\"]}]},{\"@type\":\"BreadcrumbList\",\"@id\":\"http:\\\/\\\/www.mujerruralemprendedora.com\\\/es\\\/charla-en-almeria-para-detectar-el-maltrato-y-los-abusos-a-las-personas-mayores\\\/#breadcrumb\",\"itemListElement\":[{\"@type\":\"ListItem\",\"position\":1,\"name\":\"Portada\",\"item\":\"http:\\\/\\\/www.mujerruralemprendedora.com\\\/es\\\/\"},{\"@type\":\"ListItem\",\"position\":2,\"name\":\"Charla en Almeria para detectar el maltrato y los abusos a las personas mayores\"}]},{\"@type\":\"WebSite\",\"@id\":\"http:\\\/\\\/www.mujerruralemprendedora.com\\\/es\\\/#website\",\"url\":\"http:\\\/\\\/www.mujerruralemprendedora.com\\\/es\\\/\",\"name\":\"Mujer Rural Emprendedora\",\"description\":\"Otro sitio m\u00e1s de Sitios de Mujer Rural Emprendedora\",\"potentialAction\":[{\"@type\":\"SearchAction\",\"target\":{\"@type\":\"EntryPoint\",\"urlTemplate\":\"http:\\\/\\\/www.mujerruralemprendedora.com\\\/es\\\/?s={search_term_string}\"},\"query-input\":{\"@type\":\"PropertyValueSpecification\",\"valueRequired\":true,\"valueName\":\"search_term_string\"}}],\"inLanguage\":\"es\"},{\"@type\":\"Person\",\"@id\":\"http:\\\/\\\/www.mujerruralemprendedora.com\\\/es\\\/#\\\/schema\\\/person\\\/bef3305571cafa6b1960c301df7452ea\",\"name\":\"mjesus\",\"image\":{\"@type\":\"ImageObject\",\"inLanguage\":\"es\",\"@id\":\"https:\\\/\\\/secure.gravatar.com\\\/avatar\\\/6c2c08cfb2f5ecbf35952659564347799503b54d1d61bcb2b159c7dde6af69f4?s=96&d=mm&r=g\",\"url\":\"https:\\\/\\\/secure.gravatar.com\\\/avatar\\\/6c2c08cfb2f5ecbf35952659564347799503b54d1d61bcb2b159c7dde6af69f4?s=96&d=mm&r=g\",\"contentUrl\":\"https:\\\/\\\/secure.gravatar.com\\\/avatar\\\/6c2c08cfb2f5ecbf35952659564347799503b54d1d61bcb2b159c7dde6af69f4?s=96&d=mm&r=g\",\"caption\":\"mjesus\"},\"url\":\"http:\\\/\\\/www.mujerruralemprendedora.com\\\/es\\\/author\\\/mjesus\\\/\"}]}<\/script>\n<!-- \/ Yoast SEO plugin. -->","yoast_head_json":{"title":"Charla en Almeria para detectar el maltrato y los abusos a las personas mayores - Mujer Rural Emprendedora","robots":{"index":"index","follow":"follow","max-snippet":"max-snippet:-1","max-image-preview":"max-image-preview:large","max-video-preview":"max-video-preview:-1"},"canonical":"http:\/\/www.mujerruralemprendedora.com\/es\/charla-en-almeria-para-detectar-el-maltrato-y-los-abusos-a-las-personas-mayores\/","og_locale":"es_ES","og_type":"article","og_title":"Charla en Almeria para detectar el maltrato y los abusos a las personas mayores - Mujer Rural Emprendedora","og_description":"Si hay alguien que se merece todo lo que se haga por ellos, son las personas mayores, que han dado toda una vida por los dem\u00e1s. De ah\u00ed que el Centro de D\u00eda para Personas Mayores de Garrucha haya organizado una charla con motivo del \u2018D\u00eda mundial de toma de[...]","og_url":"http:\/\/www.mujerruralemprendedora.com\/es\/charla-en-almeria-para-detectar-el-maltrato-y-los-abusos-a-las-personas-mayores\/","og_site_name":"Mujer Rural Emprendedora","article_publisher":"http:\/\/www.facebook.com\/mujerruralemprendedora","article_published_time":"2015-06-18T10:28:15+00:00","article_modified_time":"2015-06-18T10:29:34+00:00","author":"mjesus","twitter_misc":{"Escrito por":"mjesus","Tiempo de lectura":"3 minutos"},"schema":{"@context":"https:\/\/schema.org","@graph":[{"@type":"Article","@id":"http:\/\/www.mujerruralemprendedora.com\/es\/charla-en-almeria-para-detectar-el-maltrato-y-los-abusos-a-las-personas-mayores\/#article","isPartOf":{"@id":"http:\/\/www.mujerruralemprendedora.com\/es\/charla-en-almeria-para-detectar-el-maltrato-y-los-abusos-a-las-personas-mayores\/"},"author":{"name":"mjesus","@id":"http:\/\/www.mujerruralemprendedora.com\/es\/#\/schema\/person\/bef3305571cafa6b1960c301df7452ea"},"headline":"Charla en Almeria para detectar el maltrato y los abusos a las personas mayores","datePublished":"2015-06-18T10:28:15+00:00","dateModified":"2015-06-18T10:29:34+00:00","mainEntityOfPage":{"@id":"http:\/\/www.mujerruralemprendedora.com\/es\/charla-en-almeria-para-detectar-el-maltrato-y-los-abusos-a-las-personas-mayores\/"},"wordCount":572,"commentCount":0,"articleSection":["Ayuda a Domicilio"],"inLanguage":"es","potentialAction":[{"@type":"CommentAction","name":"Comment","target":["http:\/\/www.mujerruralemprendedora.com\/es\/charla-en-almeria-para-detectar-el-maltrato-y-los-abusos-a-las-personas-mayores\/#respond"]}]},{"@type":"WebPage","@id":"http:\/\/www.mujerruralemprendedora.com\/es\/charla-en-almeria-para-detectar-el-maltrato-y-los-abusos-a-las-personas-mayores\/","url":"http:\/\/www.mujerruralemprendedora.com\/es\/charla-en-almeria-para-detectar-el-maltrato-y-los-abusos-a-las-personas-mayores\/","name":"Charla en Almeria para detectar el maltrato y los abusos a las personas mayores - Mujer Rural Emprendedora","isPartOf":{"@id":"http:\/\/www.mujerruralemprendedora.com\/es\/#website"},"datePublished":"2015-06-18T10:28:15+00:00","dateModified":"2015-06-18T10:29:34+00:00","author":{"@id":"http:\/\/www.mujerruralemprendedora.com\/es\/#\/schema\/person\/bef3305571cafa6b1960c301df7452ea"},"breadcrumb":{"@id":"http:\/\/www.mujerruralemprendedora.com\/es\/charla-en-almeria-para-detectar-el-maltrato-y-los-abusos-a-las-personas-mayores\/#breadcrumb"},"inLanguage":"es","potentialAction":[{"@type":"ReadAction","target":["http:\/\/www.mujerruralemprendedora.com\/es\/charla-en-almeria-para-detectar-el-maltrato-y-los-abusos-a-las-personas-mayores\/"]}]},{"@type":"BreadcrumbList","@id":"http:\/\/www.mujerruralemprendedora.com\/es\/charla-en-almeria-para-detectar-el-maltrato-y-los-abusos-a-las-personas-mayores\/#breadcrumb","itemListElement":[{"@type":"ListItem","position":1,"name":"Portada","item":"http:\/\/www.mujerruralemprendedora.com\/es\/"},{"@type":"ListItem","position":2,"name":"Charla en Almeria para detectar el maltrato y los abusos a las personas mayores"}]},{"@type":"WebSite","@id":"http:\/\/www.mujerruralemprendedora.com\/es\/#website","url":"http:\/\/www.mujerruralemprendedora.com\/es\/","name":"Mujer Rural Emprendedora","description":"Otro sitio m\u00e1s de Sitios de Mujer Rural Emprendedora","potentialAction":[{"@type":"SearchAction","target":{"@type":"EntryPoint","urlTemplate":"http:\/\/www.mujerruralemprendedora.com\/es\/?s={search_term_string}"},"query-input":{"@type":"PropertyValueSpecification","valueRequired":true,"valueName":"search_term_string"}}],"inLanguage":"es"},{"@type":"Person","@id":"http:\/\/www.mujerruralemprendedora.com\/es\/#\/schema\/person\/bef3305571cafa6b1960c301df7452ea","name":"mjesus","image":{"@type":"ImageObject","inLanguage":"es","@id":"https:\/\/secure.gravatar.com\/avatar\/6c2c08cfb2f5ecbf35952659564347799503b54d1d61bcb2b159c7dde6af69f4?s=96&d=mm&r=g","url":"https:\/\/secure.gravatar.com\/avatar\/6c2c08cfb2f5ecbf35952659564347799503b54d1d61bcb2b159c7dde6af69f4?s=96&d=mm&r=g","contentUrl":"https:\/\/secure.gravatar.com\/avatar\/6c2c08cfb2f5ecbf35952659564347799503b54d1d61bcb2b159c7dde6af69f4?s=96&d=mm&r=g","caption":"mjesus"},"url":"http:\/\/www.mujerruralemprendedora.com\/es\/author\/mjesus\/"}]}},"_links":{"self":[{"href":"http:\/\/www.mujerruralemprendedora.com\/es\/wp-json\/wp\/v2\/posts\/1570","targetHints":{"allow":["GET"]}}],"collection":[{"href":"http:\/\/www.mujerruralemprendedora.com\/es\/wp-json\/wp\/v2\/posts"}],"about":[{"href":"http:\/\/www.mujerruralemprendedora.com\/es\/wp-json\/wp\/v2\/types\/post"}],"author":[{"embeddable":true,"href":"http:\/\/www.mujerruralemprendedora.com\/es\/wp-json\/wp\/v2\/users\/3"}],"replies":[{"embeddable":true,"href":"http:\/\/www.mujerruralemprendedora.com\/es\/wp-json\/wp\/v2\/comments?post=1570"}],"version-history":[{"count":2,"href":"http:\/\/www.mujerruralemprendedora.com\/es\/wp-json\/wp\/v2\/posts\/1570\/revisions"}],"predecessor-version":[{"id":1572,"href":"http:\/\/www.mujerruralemprendedora.com\/es\/wp-json\/wp\/v2\/posts\/1570\/revisions\/1572"}],"wp:attachment":[{"href":"http:\/\/www.mujerruralemprendedora.com\/es\/wp-json\/wp\/v2\/media?parent=1570"}],"wp:term":[{"taxonomy":"category","embeddable":true,"href":"http:\/\/www.mujerruralemprendedora.com\/es\/wp-json\/wp\/v2\/categories?post=1570"},{"taxonomy":"post_tag","embeddable":true,"href":"http:\/\/www.mujerruralemprendedora.com\/es\/wp-json\/wp\/v2\/tags?post=1570"}],"curies":[{"name":"wp","href":"https:\/\/api.w.org\/{rel}","templated":true}]}}