{"id":1725,"date":"2015-10-07T21:00:29","date_gmt":"2015-10-07T21:00:29","guid":{"rendered":"http:\/\/www.mujerruralemprendedora.com\/es\/?p=1725"},"modified":"2015-10-08T18:46:35","modified_gmt":"2015-10-08T18:46:35","slug":"jornada-de-trabajo-emprendimiento-en-el-sector-de-la-ayuda-a-domicilio-yo-dependencia","status":"publish","type":"post","link":"http:\/\/www.mujerruralemprendedora.com\/es\/jornada-de-trabajo-emprendimiento-en-el-sector-de-la-ayuda-a-domicilio-yo-dependencia\/","title":{"rendered":"Jornada de trabajo Emprendimiento en el sector de la atenci\u00f3n a personas mayores y\/o dependientes"},"content":{"rendered":"<p>El pasado 5 de octubre dentro de este programa, mujeres de las Comunidades Aut\u00f3nomas de La Rioja, Murcia, Castilla-La Mancha y\u00a0Comunidad Valenciana, analizaron en Ciudad Real\u00a0el sector de la ayuda a domicilio y las posibilidades de iniciar una actividad emprendedora en zonas rurales.<\/p>\n<p>Juana Aznar M\u00e1rquez, profesora en la Universidad Miguel Hern\u00e1ndez, Directora del Centro de Investigaci\u00f3n de Estudios de G\u00e9nero y Doctora en Econom\u00eda y M\u00e1ster en Igualdad en el \u00c1mbito P\u00fablico y Privado, analiz\u00f3 como las elevadas tasas de envejecimiento de la poblaci\u00f3n, unido a la necesidad de una profesionalizaci\u00f3n, ofrecen nuevas posibilidades de empleo y\/o autoempleo en este sector en el que las mujeres vienen desempe\u00f1ado un papel fundamental.\u00a0En esta jornada se destac\u00f3 la importancia de la formaci\u00f3n, tanto en materia de emprendimiento, como de\u00a0cuidados espec\u00edficos para mayores y dependientes.<\/p>\n<p>Se analiz\u00f3 tambi\u00e9n el papel tradicional de la mujer como cuidadora gratuita y de las repercusiones positivas que tendr\u00eda en el PIB la inclusi\u00f3n y el reconocimiento de su actividad.<\/p>\n<p>La experiencia personal de Mar Garrido, Socia y Directora del Centro de Respiro Alo\u00efs Alzheimer y Presidenta de la Asociaci\u00f3n de Familiares de Alzheimer de Ciudad Real (AFACR),\u00a0permiti\u00f3 conocer\u00a0c\u00f3mo el hecho de vivir en primera persona la enfermedad de un familiar,\u00a0puede desembocar en proyectos\u00a0personales y profesionales que permitan atender de manera simult\u00e1nea a\u00a0enfermos y\u00a0familiares, destacando la\u00a0importancia de los afectos en el cuidado.<\/p>\n<p>La jornada ha servido adem\u00e1s para analizar, de la mano de M\u00aa \u00c1ngeles Garc\u00eda\u00a0e Inmaculada Duaso, que han trabajado en este proyecto desde sus inicios, el estudio llevado a cabo gracias al programa y a constatar las m\u00faltiples dificultades\u00a0a las que\u00a0se enfrentan\u00a0las mujeres\u00a0que quieren iniciar una actividad, fundamentalmente de car\u00e1cter econ\u00f3mico en el inicio\u00a0de la misma o por la competencia desleal\u00a0que supone la econom\u00eda sumergida del sector.<\/p>\n<p>Destacamos la participaci\u00f3n y el debate a lo largo de esta jornada de trabajo por parte de las asistentes.<\/p>\n<p>Os dejamos algunas im\u00e1genes<\/p>\n<div id=\"metaslider-id-1739\" style=\"max-width: 700px;\" class=\"ml-slider-3-108-0 metaslider metaslider-nivo metaslider-1739 ml-slider ms-theme-default\" role=\"region\" aria-label=\"Jornada de trabajo Ciudad Real 5 de octubre\" data-height=\"300\" data-width=\"700\">\n    <div id=\"metaslider_container_1739\">\n        <div class='slider-wrapper theme-default'><div class='ribbon'><\/div><div id='metaslider_1739' class='nivoSlider'><img loading=\"lazy\" decoding=\"async\" src=\"http:\/\/www.mujerruralemprendedora.com\/es\/wp-content\/uploads\/sites\/3\/2015\/10\/20151005_121947-700x300.jpg\" height=\"300\" width=\"700\" alt=\"\" class=\"slider-1739 slide-1735 msDefaultImage\" \/><img loading=\"lazy\" decoding=\"async\" src=\"http:\/\/www.mujerruralemprendedora.com\/es\/wp-content\/uploads\/sites\/3\/2015\/10\/20151005_103548-700x300.jpg\" height=\"300\" width=\"700\" alt=\"\" class=\"slider-1739 slide-1734 msDefaultImage\" \/><img loading=\"lazy\" decoding=\"async\" src=\"http:\/\/www.mujerruralemprendedora.com\/es\/wp-content\/uploads\/sites\/3\/2015\/10\/20151005_103528-700x300.jpg\" height=\"300\" width=\"700\" alt=\"\" class=\"slider-1739 slide-1733 msDefaultImage\" \/><img loading=\"lazy\" decoding=\"async\" src=\"http:\/\/www.mujerruralemprendedora.com\/es\/wp-content\/uploads\/sites\/3\/2015\/10\/20151005_102453-700x300.jpg\" height=\"300\" width=\"700\" alt=\"\" class=\"slider-1739 slide-1732 msDefaultImage\" \/><img loading=\"lazy\" decoding=\"async\" src=\"http:\/\/www.mujerruralemprendedora.com\/es\/wp-content\/uploads\/sites\/3\/2015\/10\/PA050354-700x300.jpg\" height=\"300\" width=\"700\" alt=\"\" class=\"slider-1739 slide-1737 msDefaultImage\" \/><img loading=\"lazy\" decoding=\"async\" src=\"http:\/\/www.mujerruralemprendedora.com\/es\/wp-content\/uploads\/sites\/3\/2015\/10\/PA050344-700x300.jpg\" height=\"300\" width=\"700\" alt=\"\" class=\"slider-1739 slide-1736 msDefaultImage\" \/><\/div><\/div>\n        \n    <\/div>\n<\/div>\n","protected":false},"excerpt":{"rendered":"<p>El pasado 5 de octubre dentro de este programa, mujeres de las Comunidades Aut\u00f3nomas de La Rioja, Murcia, Castilla-La Mancha y\u00a0Comunidad Valenciana, analizaron en Ciudad Real\u00a0el sector de la ayuda a domicilio y las posibilidades de iniciar una actividad emprendedora en zonas rurales. Juana Aznar M\u00e1rquez, profesora en la Universidad[&#8230;]<\/p>\n","protected":false},"author":2,"featured_media":0,"comment_status":"open","ping_status":"open","sticky":false,"template":"","format":"standard","meta":{"footnotes":""},"categories":[5,6],"tags":[],"class_list":["post-1725","post","type-post","status-publish","format-standard","hentry","category-ayuda-a-domicilio","category-emprendedores"],"yoast_head":"<!-- This site is optimized with the Yoast SEO plugin v27.5 - https:\/\/yoast.com\/product\/yoast-seo-wordpress\/ -->\n<title>Jornada de trabajo Emprendimiento en el sector de la atenci\u00f3n a personas mayores y\/o dependientes - Mujer Rural Emprendedora<\/title>\n<meta name=\"description\" content=\"emprendimiento, mujer rural, ayuda domicilio\" \/>\n<meta name=\"robots\" content=\"index, follow, max-snippet:-1, max-image-preview:large, max-video-preview:-1\" \/>\n<link rel=\"canonical\" href=\"http:\/\/www.mujerruralemprendedora.com\/es\/jornada-de-trabajo-emprendimiento-en-el-sector-de-la-ayuda-a-domicilio-yo-dependencia\/\" \/>\n<meta property=\"og:locale\" content=\"es_ES\" \/>\n<meta property=\"og:type\" content=\"article\" \/>\n<meta property=\"og:title\" content=\"Jornada de trabajo Emprendimiento en el sector de la atenci\u00f3n a personas mayores y\/o dependientes - Mujer Rural Emprendedora\" \/>\n<meta property=\"og:description\" content=\"emprendimiento, mujer rural, ayuda domicilio\" \/>\n<meta property=\"og:url\" content=\"http:\/\/www.mujerruralemprendedora.com\/es\/jornada-de-trabajo-emprendimiento-en-el-sector-de-la-ayuda-a-domicilio-yo-dependencia\/\" \/>\n<meta property=\"og:site_name\" content=\"Mujer Rural Emprendedora\" \/>\n<meta property=\"article:publisher\" content=\"http:\/\/www.facebook.com\/mujerruralemprendedora\" \/>\n<meta property=\"article:published_time\" content=\"2015-10-07T21:00:29+00:00\" \/>\n<meta property=\"article:modified_time\" content=\"2015-10-08T18:46:35+00:00\" \/>\n<meta name=\"author\" content=\"afammer\" \/>\n<meta name=\"twitter:label1\" content=\"Escrito por\" \/>\n\t<meta name=\"twitter:data1\" content=\"afammer\" \/>\n\t<meta name=\"twitter:label2\" content=\"Tiempo de lectura\" \/>\n\t<meta name=\"twitter:data2\" content=\"2 minutos\" \/>\n<script type=\"application\/ld+json\" class=\"yoast-schema-graph\">{\"@context\":\"https:\\\/\\\/schema.org\",\"@graph\":[{\"@type\":\"Article\",\"@id\":\"http:\\\/\\\/www.mujerruralemprendedora.com\\\/es\\\/jornada-de-trabajo-emprendimiento-en-el-sector-de-la-ayuda-a-domicilio-yo-dependencia\\\/#article\",\"isPartOf\":{\"@id\":\"http:\\\/\\\/www.mujerruralemprendedora.com\\\/es\\\/jornada-de-trabajo-emprendimiento-en-el-sector-de-la-ayuda-a-domicilio-yo-dependencia\\\/\"},\"author\":{\"name\":\"afammer\",\"@id\":\"http:\\\/\\\/www.mujerruralemprendedora.com\\\/es\\\/#\\\/schema\\\/person\\\/dcd9037874d332048dc8a0711760bdc8\"},\"headline\":\"Jornada de trabajo Emprendimiento en el sector de la atenci\u00f3n a personas mayores y\\\/o dependientes\",\"datePublished\":\"2015-10-07T21:00:29+00:00\",\"dateModified\":\"2015-10-08T18:46:35+00:00\",\"mainEntityOfPage\":{\"@id\":\"http:\\\/\\\/www.mujerruralemprendedora.com\\\/es\\\/jornada-de-trabajo-emprendimiento-en-el-sector-de-la-ayuda-a-domicilio-yo-dependencia\\\/\"},\"wordCount\":380,\"commentCount\":0,\"articleSection\":[\"Ayuda a Domicilio\",\"Emprendedores\"],\"inLanguage\":\"es\",\"potentialAction\":[{\"@type\":\"CommentAction\",\"name\":\"Comment\",\"target\":[\"http:\\\/\\\/www.mujerruralemprendedora.com\\\/es\\\/jornada-de-trabajo-emprendimiento-en-el-sector-de-la-ayuda-a-domicilio-yo-dependencia\\\/#respond\"]}]},{\"@type\":\"WebPage\",\"@id\":\"http:\\\/\\\/www.mujerruralemprendedora.com\\\/es\\\/jornada-de-trabajo-emprendimiento-en-el-sector-de-la-ayuda-a-domicilio-yo-dependencia\\\/\",\"url\":\"http:\\\/\\\/www.mujerruralemprendedora.com\\\/es\\\/jornada-de-trabajo-emprendimiento-en-el-sector-de-la-ayuda-a-domicilio-yo-dependencia\\\/\",\"name\":\"Jornada de trabajo Emprendimiento en el sector de la atenci\u00f3n a personas mayores y\\\/o dependientes - Mujer Rural Emprendedora\",\"isPartOf\":{\"@id\":\"http:\\\/\\\/www.mujerruralemprendedora.com\\\/es\\\/#website\"},\"datePublished\":\"2015-10-07T21:00:29+00:00\",\"dateModified\":\"2015-10-08T18:46:35+00:00\",\"author\":{\"@id\":\"http:\\\/\\\/www.mujerruralemprendedora.com\\\/es\\\/#\\\/schema\\\/person\\\/dcd9037874d332048dc8a0711760bdc8\"},\"description\":\"emprendimiento, mujer rural, ayuda domicilio\",\"breadcrumb\":{\"@id\":\"http:\\\/\\\/www.mujerruralemprendedora.com\\\/es\\\/jornada-de-trabajo-emprendimiento-en-el-sector-de-la-ayuda-a-domicilio-yo-dependencia\\\/#breadcrumb\"},\"inLanguage\":\"es\",\"potentialAction\":[{\"@type\":\"ReadAction\",\"target\":[\"http:\\\/\\\/www.mujerruralemprendedora.com\\\/es\\\/jornada-de-trabajo-emprendimiento-en-el-sector-de-la-ayuda-a-domicilio-yo-dependencia\\\/\"]}]},{\"@type\":\"BreadcrumbList\",\"@id\":\"http:\\\/\\\/www.mujerruralemprendedora.com\\\/es\\\/jornada-de-trabajo-emprendimiento-en-el-sector-de-la-ayuda-a-domicilio-yo-dependencia\\\/#breadcrumb\",\"itemListElement\":[{\"@type\":\"ListItem\",\"position\":1,\"name\":\"Portada\",\"item\":\"http:\\\/\\\/www.mujerruralemprendedora.com\\\/es\\\/\"},{\"@type\":\"ListItem\",\"position\":2,\"name\":\"Jornada de trabajo Emprendimiento en el sector de la atenci\u00f3n a personas mayores y\\\/o dependientes\"}]},{\"@type\":\"WebSite\",\"@id\":\"http:\\\/\\\/www.mujerruralemprendedora.com\\\/es\\\/#website\",\"url\":\"http:\\\/\\\/www.mujerruralemprendedora.com\\\/es\\\/\",\"name\":\"Mujer Rural Emprendedora\",\"description\":\"Otro sitio m\u00e1s de Sitios de Mujer Rural Emprendedora\",\"potentialAction\":[{\"@type\":\"SearchAction\",\"target\":{\"@type\":\"EntryPoint\",\"urlTemplate\":\"http:\\\/\\\/www.mujerruralemprendedora.com\\\/es\\\/?s={search_term_string}\"},\"query-input\":{\"@type\":\"PropertyValueSpecification\",\"valueRequired\":true,\"valueName\":\"search_term_string\"}}],\"inLanguage\":\"es\"},{\"@type\":\"Person\",\"@id\":\"http:\\\/\\\/www.mujerruralemprendedora.com\\\/es\\\/#\\\/schema\\\/person\\\/dcd9037874d332048dc8a0711760bdc8\",\"name\":\"afammer\",\"image\":{\"@type\":\"ImageObject\",\"inLanguage\":\"es\",\"@id\":\"https:\\\/\\\/secure.gravatar.com\\\/avatar\\\/7d37c7f8115d80bfce53ebffb12e9bea5bbdb7c948f6675cdb000510a8c58149?s=96&d=mm&r=g\",\"url\":\"https:\\\/\\\/secure.gravatar.com\\\/avatar\\\/7d37c7f8115d80bfce53ebffb12e9bea5bbdb7c948f6675cdb000510a8c58149?s=96&d=mm&r=g\",\"contentUrl\":\"https:\\\/\\\/secure.gravatar.com\\\/avatar\\\/7d37c7f8115d80bfce53ebffb12e9bea5bbdb7c948f6675cdb000510a8c58149?s=96&d=mm&r=g\",\"caption\":\"afammer\"},\"url\":\"http:\\\/\\\/www.mujerruralemprendedora.com\\\/es\\\/author\\\/afammer\\\/\"}]}<\/script>\n<!-- \/ Yoast SEO plugin. -->","yoast_head_json":{"title":"Jornada de trabajo Emprendimiento en el sector de la atenci\u00f3n a personas mayores y\/o dependientes - Mujer Rural Emprendedora","description":"emprendimiento, mujer rural, ayuda domicilio","robots":{"index":"index","follow":"follow","max-snippet":"max-snippet:-1","max-image-preview":"max-image-preview:large","max-video-preview":"max-video-preview:-1"},"canonical":"http:\/\/www.mujerruralemprendedora.com\/es\/jornada-de-trabajo-emprendimiento-en-el-sector-de-la-ayuda-a-domicilio-yo-dependencia\/","og_locale":"es_ES","og_type":"article","og_title":"Jornada de trabajo Emprendimiento en el sector de la atenci\u00f3n a personas mayores y\/o dependientes - Mujer Rural Emprendedora","og_description":"emprendimiento, mujer rural, ayuda domicilio","og_url":"http:\/\/www.mujerruralemprendedora.com\/es\/jornada-de-trabajo-emprendimiento-en-el-sector-de-la-ayuda-a-domicilio-yo-dependencia\/","og_site_name":"Mujer Rural Emprendedora","article_publisher":"http:\/\/www.facebook.com\/mujerruralemprendedora","article_published_time":"2015-10-07T21:00:29+00:00","article_modified_time":"2015-10-08T18:46:35+00:00","author":"afammer","twitter_misc":{"Escrito por":"afammer","Tiempo de lectura":"2 minutos"},"schema":{"@context":"https:\/\/schema.org","@graph":[{"@type":"Article","@id":"http:\/\/www.mujerruralemprendedora.com\/es\/jornada-de-trabajo-emprendimiento-en-el-sector-de-la-ayuda-a-domicilio-yo-dependencia\/#article","isPartOf":{"@id":"http:\/\/www.mujerruralemprendedora.com\/es\/jornada-de-trabajo-emprendimiento-en-el-sector-de-la-ayuda-a-domicilio-yo-dependencia\/"},"author":{"name":"afammer","@id":"http:\/\/www.mujerruralemprendedora.com\/es\/#\/schema\/person\/dcd9037874d332048dc8a0711760bdc8"},"headline":"Jornada de trabajo Emprendimiento en el sector de la atenci\u00f3n a personas mayores y\/o dependientes","datePublished":"2015-10-07T21:00:29+00:00","dateModified":"2015-10-08T18:46:35+00:00","mainEntityOfPage":{"@id":"http:\/\/www.mujerruralemprendedora.com\/es\/jornada-de-trabajo-emprendimiento-en-el-sector-de-la-ayuda-a-domicilio-yo-dependencia\/"},"wordCount":380,"commentCount":0,"articleSection":["Ayuda a Domicilio","Emprendedores"],"inLanguage":"es","potentialAction":[{"@type":"CommentAction","name":"Comment","target":["http:\/\/www.mujerruralemprendedora.com\/es\/jornada-de-trabajo-emprendimiento-en-el-sector-de-la-ayuda-a-domicilio-yo-dependencia\/#respond"]}]},{"@type":"WebPage","@id":"http:\/\/www.mujerruralemprendedora.com\/es\/jornada-de-trabajo-emprendimiento-en-el-sector-de-la-ayuda-a-domicilio-yo-dependencia\/","url":"http:\/\/www.mujerruralemprendedora.com\/es\/jornada-de-trabajo-emprendimiento-en-el-sector-de-la-ayuda-a-domicilio-yo-dependencia\/","name":"Jornada de trabajo Emprendimiento en el sector de la atenci\u00f3n a personas mayores y\/o dependientes - Mujer Rural Emprendedora","isPartOf":{"@id":"http:\/\/www.mujerruralemprendedora.com\/es\/#website"},"datePublished":"2015-10-07T21:00:29+00:00","dateModified":"2015-10-08T18:46:35+00:00","author":{"@id":"http:\/\/www.mujerruralemprendedora.com\/es\/#\/schema\/person\/dcd9037874d332048dc8a0711760bdc8"},"description":"emprendimiento, mujer rural, ayuda domicilio","breadcrumb":{"@id":"http:\/\/www.mujerruralemprendedora.com\/es\/jornada-de-trabajo-emprendimiento-en-el-sector-de-la-ayuda-a-domicilio-yo-dependencia\/#breadcrumb"},"inLanguage":"es","potentialAction":[{"@type":"ReadAction","target":["http:\/\/www.mujerruralemprendedora.com\/es\/jornada-de-trabajo-emprendimiento-en-el-sector-de-la-ayuda-a-domicilio-yo-dependencia\/"]}]},{"@type":"BreadcrumbList","@id":"http:\/\/www.mujerruralemprendedora.com\/es\/jornada-de-trabajo-emprendimiento-en-el-sector-de-la-ayuda-a-domicilio-yo-dependencia\/#breadcrumb","itemListElement":[{"@type":"ListItem","position":1,"name":"Portada","item":"http:\/\/www.mujerruralemprendedora.com\/es\/"},{"@type":"ListItem","position":2,"name":"Jornada de trabajo Emprendimiento en el sector de la atenci\u00f3n a personas mayores y\/o dependientes"}]},{"@type":"WebSite","@id":"http:\/\/www.mujerruralemprendedora.com\/es\/#website","url":"http:\/\/www.mujerruralemprendedora.com\/es\/","name":"Mujer Rural Emprendedora","description":"Otro sitio m\u00e1s de Sitios de Mujer Rural Emprendedora","potentialAction":[{"@type":"SearchAction","target":{"@type":"EntryPoint","urlTemplate":"http:\/\/www.mujerruralemprendedora.com\/es\/?s={search_term_string}"},"query-input":{"@type":"PropertyValueSpecification","valueRequired":true,"valueName":"search_term_string"}}],"inLanguage":"es"},{"@type":"Person","@id":"http:\/\/www.mujerruralemprendedora.com\/es\/#\/schema\/person\/dcd9037874d332048dc8a0711760bdc8","name":"afammer","image":{"@type":"ImageObject","inLanguage":"es","@id":"https:\/\/secure.gravatar.com\/avatar\/7d37c7f8115d80bfce53ebffb12e9bea5bbdb7c948f6675cdb000510a8c58149?s=96&d=mm&r=g","url":"https:\/\/secure.gravatar.com\/avatar\/7d37c7f8115d80bfce53ebffb12e9bea5bbdb7c948f6675cdb000510a8c58149?s=96&d=mm&r=g","contentUrl":"https:\/\/secure.gravatar.com\/avatar\/7d37c7f8115d80bfce53ebffb12e9bea5bbdb7c948f6675cdb000510a8c58149?s=96&d=mm&r=g","caption":"afammer"},"url":"http:\/\/www.mujerruralemprendedora.com\/es\/author\/afammer\/"}]}},"_links":{"self":[{"href":"http:\/\/www.mujerruralemprendedora.com\/es\/wp-json\/wp\/v2\/posts\/1725","targetHints":{"allow":["GET"]}}],"collection":[{"href":"http:\/\/www.mujerruralemprendedora.com\/es\/wp-json\/wp\/v2\/posts"}],"about":[{"href":"http:\/\/www.mujerruralemprendedora.com\/es\/wp-json\/wp\/v2\/types\/post"}],"author":[{"embeddable":true,"href":"http:\/\/www.mujerruralemprendedora.com\/es\/wp-json\/wp\/v2\/users\/2"}],"replies":[{"embeddable":true,"href":"http:\/\/www.mujerruralemprendedora.com\/es\/wp-json\/wp\/v2\/comments?post=1725"}],"version-history":[{"count":6,"href":"http:\/\/www.mujerruralemprendedora.com\/es\/wp-json\/wp\/v2\/posts\/1725\/revisions"}],"predecessor-version":[{"id":1743,"href":"http:\/\/www.mujerruralemprendedora.com\/es\/wp-json\/wp\/v2\/posts\/1725\/revisions\/1743"}],"wp:attachment":[{"href":"http:\/\/www.mujerruralemprendedora.com\/es\/wp-json\/wp\/v2\/media?parent=1725"}],"wp:term":[{"taxonomy":"category","embeddable":true,"href":"http:\/\/www.mujerruralemprendedora.com\/es\/wp-json\/wp\/v2\/categories?post=1725"},{"taxonomy":"post_tag","embeddable":true,"href":"http:\/\/www.mujerruralemprendedora.com\/es\/wp-json\/wp\/v2\/tags?post=1725"}],"curies":[{"name":"wp","href":"https:\/\/api.w.org\/{rel}","templated":true}]}}