{"id":755,"date":"2015-03-03T12:40:45","date_gmt":"2015-03-03T12:40:45","guid":{"rendered":"http:\/\/www.mujerruralemprendedora.com\/es\/?p=755"},"modified":"2015-03-03T12:40:45","modified_gmt":"2015-03-03T12:40:45","slug":"afammer-y-bankia-juntos-en-el-compromiso-con-el-futuro-de-las-mujeres-rurales","status":"publish","type":"post","link":"http:\/\/www.mujerruralemprendedora.com\/es\/afammer-y-bankia-juntos-en-el-compromiso-con-el-futuro-de-las-mujeres-rurales\/","title":{"rendered":"AFAMMER y Bankia, juntos en el compromiso con el futuro de las mujeres rurales"},"content":{"rendered":"<p class=\"cuerpoNoticia\">La presidenta de la Confederaci\u00f3n de Federaciones y Asociaciones de Familias y Mujeres del Medio Rural (AFAMMER), Carmen Quintanilla, y el director Territorial de Castilla-La Mancha de Bankia, Joaqu\u00edn Holgado, han firmado en la sede de esta entidad bancaria en Ciudad Real dos convenios de colaboraci\u00f3n con el que ambas entidades plasman y refuerzan su compromiso con el futuro de las mujeres del medio rural. En concreto, uno de los convenios rubricados se refiere a la colaboraci\u00f3n de Bankia en el proyecto \u201cLas Mujeres y las Nuevas Tecnolog\u00edas en la Dinamizaci\u00f3n Econ\u00f3mica del Medio Rural\u201d, que se est\u00e1 desarrollando en las comunidades aut\u00f3nomas de Castilla-La Mancha, Regi\u00f3n de Murcia y La Rioja.<\/p>\n<p class=\"cuerpoNoticia\">\u00a0\u00a0\u00a0\u00a0\u00a0\u00a0 Un importante e innovador proyecto, seg\u00fan ha explicado Carmen Quintanilla, \u201cdirigido a la potenciaci\u00f3n de la creaci\u00f3n de empleo a trav\u00e9s del emprendimiento femenino en el medio rural en el sector de la dependencia y la ayuda a domicilio ya que desde AFAMMER seguimos entendiendo que el empleo es el primer pilar para alcanzar la igualdad\u201d.<\/p>\n<p class=\"cuerpoNoticia\">\u00a0\u00a0\u00a0 El proyecto, cuyo presupuesto asciende a 70.000 euros, de los cuales 63.000 son subvencionados por el Instituto de la Mujer dentro de la convocatoria Eea Grants derivada del acuerdo de Entendimiento entre Espa\u00f1a, Noruega, Islandia y Liechtenstein, est\u00e1 cofinanciado por Bankia, que aporta los 7.000 euros restantes.<\/p>\n<p class=\"cuerpoNoticia\">\u00a0\u00a0\u00a0 Por otro lado, el segundo de los convenios firmados por los representantes de AFAMMER y Bankia se refiere a la\u00a0 colaboraci\u00f3n de esta entidad bancaria por valor de\u00a0 6.000 euros al I Congreso Internacional \u201cLa Voz de las Mujeres Rurales en el Mundo\u201d, que est\u00e1 organizando AFAMMER para el mes de abril en Ciudad Real con la asistencia y participaci\u00f3n de importantes autoridades as\u00ed como de ponentes de reconocido prestigio a nivel internacional.<\/p>\n<p class=\"cuerpoNoticia\">\u00a0\u00a0\u00a0 En el acto de la firma, Carmen Quintanilla ha agradecido a Bankia su colaboraci\u00f3n y la disposici\u00f3n que ha demostrado desde el primer momento con los proyectos que le ha planteado AFAMMER y ha destacado la apuesta de esta entidad bancaria con el medio rural en general y, en particular, con las mujeres que viven en el entorno rural de Castilla-La Mancha y de Espa\u00f1a.<\/p>\n","protected":false},"excerpt":{"rendered":"<p>La presidenta de la Confederaci\u00f3n de Federaciones y Asociaciones de Familias y Mujeres del Medio Rural (AFAMMER), Carmen Quintanilla, y el director Territorial de Castilla-La Mancha de Bankia, Joaqu\u00edn Holgado, han firmado en la sede de esta entidad bancaria en Ciudad Real dos convenios de colaboraci\u00f3n con el que ambas[&#8230;]<\/p>\n","protected":false},"author":3,"featured_media":756,"comment_status":"open","ping_status":"open","sticky":false,"template":"","format":"standard","meta":{"footnotes":""},"categories":[1],"tags":[],"class_list":["post-755","post","type-post","status-publish","format-standard","has-post-thumbnail","hentry","category-sin-categoria"],"yoast_head":"<!-- This site is optimized with the Yoast SEO plugin v27.5 - https:\/\/yoast.com\/product\/yoast-seo-wordpress\/ -->\n<title>AFAMMER y Bankia, juntos en el compromiso con el futuro de las mujeres rurales - Mujer Rural Emprendedora<\/title>\n<meta name=\"description\" content=\"La presidenta de AFAMMER, Carmen Quintanilla, y el director Territorial de Bankia, Joaqu\u00edn Holgado, han firmado en Ciudad Real 2 convenios de colaboraci\u00f3n\" \/>\n<meta name=\"robots\" content=\"index, follow, max-snippet:-1, max-image-preview:large, max-video-preview:-1\" \/>\n<link rel=\"canonical\" href=\"http:\/\/www.mujerruralemprendedora.com\/es\/afammer-y-bankia-juntos-en-el-compromiso-con-el-futuro-de-las-mujeres-rurales\/\" \/>\n<meta property=\"og:locale\" content=\"es_ES\" \/>\n<meta property=\"og:type\" content=\"article\" \/>\n<meta property=\"og:title\" content=\"AFAMMER y Bankia, juntos en el compromiso con el futuro de las mujeres rurales - Mujer Rural Emprendedora\" \/>\n<meta property=\"og:description\" content=\"La presidenta de AFAMMER, Carmen Quintanilla, y el director Territorial de Bankia, Joaqu\u00edn Holgado, han firmado en Ciudad Real 2 convenios de colaboraci\u00f3n\" \/>\n<meta property=\"og:url\" content=\"http:\/\/www.mujerruralemprendedora.com\/es\/afammer-y-bankia-juntos-en-el-compromiso-con-el-futuro-de-las-mujeres-rurales\/\" \/>\n<meta property=\"og:site_name\" content=\"Mujer Rural Emprendedora\" \/>\n<meta property=\"article:publisher\" content=\"http:\/\/www.facebook.com\/mujerruralemprendedora\" \/>\n<meta property=\"article:published_time\" content=\"2015-03-03T12:40:45+00:00\" \/>\n<meta property=\"og:image\" content=\"http:\/\/www.mujerruralemprendedora.com\/es\/wp-content\/uploads\/sites\/3\/2015\/03\/Firma-convenios2.jpg\" \/>\n\t<meta property=\"og:image:width\" content=\"2560\" \/>\n\t<meta property=\"og:image:height\" content=\"1920\" \/>\n\t<meta property=\"og:image:type\" content=\"image\/jpeg\" \/>\n<meta name=\"author\" content=\"mjesus\" \/>\n<meta name=\"twitter:label1\" content=\"Escrito por\" \/>\n\t<meta name=\"twitter:data1\" content=\"mjesus\" \/>\n\t<meta name=\"twitter:label2\" content=\"Tiempo de lectura\" \/>\n\t<meta name=\"twitter:data2\" content=\"2 minutos\" \/>\n<script type=\"application\/ld+json\" class=\"yoast-schema-graph\">{\"@context\":\"https:\\\/\\\/schema.org\",\"@graph\":[{\"@type\":\"Article\",\"@id\":\"http:\\\/\\\/www.mujerruralemprendedora.com\\\/es\\\/afammer-y-bankia-juntos-en-el-compromiso-con-el-futuro-de-las-mujeres-rurales\\\/#article\",\"isPartOf\":{\"@id\":\"http:\\\/\\\/www.mujerruralemprendedora.com\\\/es\\\/afammer-y-bankia-juntos-en-el-compromiso-con-el-futuro-de-las-mujeres-rurales\\\/\"},\"author\":{\"name\":\"mjesus\",\"@id\":\"http:\\\/\\\/www.mujerruralemprendedora.com\\\/es\\\/#\\\/schema\\\/person\\\/bef3305571cafa6b1960c301df7452ea\"},\"headline\":\"AFAMMER y Bankia, juntos en el compromiso con el futuro de las mujeres rurales\",\"datePublished\":\"2015-03-03T12:40:45+00:00\",\"mainEntityOfPage\":{\"@id\":\"http:\\\/\\\/www.mujerruralemprendedora.com\\\/es\\\/afammer-y-bankia-juntos-en-el-compromiso-con-el-futuro-de-las-mujeres-rurales\\\/\"},\"wordCount\":382,\"commentCount\":0,\"image\":{\"@id\":\"http:\\\/\\\/www.mujerruralemprendedora.com\\\/es\\\/afammer-y-bankia-juntos-en-el-compromiso-con-el-futuro-de-las-mujeres-rurales\\\/#primaryimage\"},\"thumbnailUrl\":\"http:\\\/\\\/www.mujerruralemprendedora.com\\\/es\\\/wp-content\\\/uploads\\\/sites\\\/3\\\/2015\\\/03\\\/Firma-convenios2.jpg\",\"inLanguage\":\"es\",\"potentialAction\":[{\"@type\":\"CommentAction\",\"name\":\"Comment\",\"target\":[\"http:\\\/\\\/www.mujerruralemprendedora.com\\\/es\\\/afammer-y-bankia-juntos-en-el-compromiso-con-el-futuro-de-las-mujeres-rurales\\\/#respond\"]}]},{\"@type\":\"WebPage\",\"@id\":\"http:\\\/\\\/www.mujerruralemprendedora.com\\\/es\\\/afammer-y-bankia-juntos-en-el-compromiso-con-el-futuro-de-las-mujeres-rurales\\\/\",\"url\":\"http:\\\/\\\/www.mujerruralemprendedora.com\\\/es\\\/afammer-y-bankia-juntos-en-el-compromiso-con-el-futuro-de-las-mujeres-rurales\\\/\",\"name\":\"AFAMMER y Bankia, juntos en el compromiso con el futuro de las mujeres rurales - Mujer Rural Emprendedora\",\"isPartOf\":{\"@id\":\"http:\\\/\\\/www.mujerruralemprendedora.com\\\/es\\\/#website\"},\"primaryImageOfPage\":{\"@id\":\"http:\\\/\\\/www.mujerruralemprendedora.com\\\/es\\\/afammer-y-bankia-juntos-en-el-compromiso-con-el-futuro-de-las-mujeres-rurales\\\/#primaryimage\"},\"image\":{\"@id\":\"http:\\\/\\\/www.mujerruralemprendedora.com\\\/es\\\/afammer-y-bankia-juntos-en-el-compromiso-con-el-futuro-de-las-mujeres-rurales\\\/#primaryimage\"},\"thumbnailUrl\":\"http:\\\/\\\/www.mujerruralemprendedora.com\\\/es\\\/wp-content\\\/uploads\\\/sites\\\/3\\\/2015\\\/03\\\/Firma-convenios2.jpg\",\"datePublished\":\"2015-03-03T12:40:45+00:00\",\"author\":{\"@id\":\"http:\\\/\\\/www.mujerruralemprendedora.com\\\/es\\\/#\\\/schema\\\/person\\\/bef3305571cafa6b1960c301df7452ea\"},\"description\":\"La presidenta de AFAMMER, Carmen Quintanilla, y el director Territorial de Bankia, Joaqu\u00edn Holgado, han firmado en Ciudad Real 2 convenios de colaboraci\u00f3n\",\"breadcrumb\":{\"@id\":\"http:\\\/\\\/www.mujerruralemprendedora.com\\\/es\\\/afammer-y-bankia-juntos-en-el-compromiso-con-el-futuro-de-las-mujeres-rurales\\\/#breadcrumb\"},\"inLanguage\":\"es\",\"potentialAction\":[{\"@type\":\"ReadAction\",\"target\":[\"http:\\\/\\\/www.mujerruralemprendedora.com\\\/es\\\/afammer-y-bankia-juntos-en-el-compromiso-con-el-futuro-de-las-mujeres-rurales\\\/\"]}]},{\"@type\":\"ImageObject\",\"inLanguage\":\"es\",\"@id\":\"http:\\\/\\\/www.mujerruralemprendedora.com\\\/es\\\/afammer-y-bankia-juntos-en-el-compromiso-con-el-futuro-de-las-mujeres-rurales\\\/#primaryimage\",\"url\":\"http:\\\/\\\/www.mujerruralemprendedora.com\\\/es\\\/wp-content\\\/uploads\\\/sites\\\/3\\\/2015\\\/03\\\/Firma-convenios2.jpg\",\"contentUrl\":\"http:\\\/\\\/www.mujerruralemprendedora.com\\\/es\\\/wp-content\\\/uploads\\\/sites\\\/3\\\/2015\\\/03\\\/Firma-convenios2.jpg\",\"width\":2560,\"height\":1920},{\"@type\":\"BreadcrumbList\",\"@id\":\"http:\\\/\\\/www.mujerruralemprendedora.com\\\/es\\\/afammer-y-bankia-juntos-en-el-compromiso-con-el-futuro-de-las-mujeres-rurales\\\/#breadcrumb\",\"itemListElement\":[{\"@type\":\"ListItem\",\"position\":1,\"name\":\"Portada\",\"item\":\"http:\\\/\\\/www.mujerruralemprendedora.com\\\/es\\\/\"},{\"@type\":\"ListItem\",\"position\":2,\"name\":\"AFAMMER y Bankia, juntos en el compromiso con el futuro de las mujeres rurales\"}]},{\"@type\":\"WebSite\",\"@id\":\"http:\\\/\\\/www.mujerruralemprendedora.com\\\/es\\\/#website\",\"url\":\"http:\\\/\\\/www.mujerruralemprendedora.com\\\/es\\\/\",\"name\":\"Mujer Rural Emprendedora\",\"description\":\"Otro sitio m\u00e1s de Sitios de Mujer Rural Emprendedora\",\"potentialAction\":[{\"@type\":\"SearchAction\",\"target\":{\"@type\":\"EntryPoint\",\"urlTemplate\":\"http:\\\/\\\/www.mujerruralemprendedora.com\\\/es\\\/?s={search_term_string}\"},\"query-input\":{\"@type\":\"PropertyValueSpecification\",\"valueRequired\":true,\"valueName\":\"search_term_string\"}}],\"inLanguage\":\"es\"},{\"@type\":\"Person\",\"@id\":\"http:\\\/\\\/www.mujerruralemprendedora.com\\\/es\\\/#\\\/schema\\\/person\\\/bef3305571cafa6b1960c301df7452ea\",\"name\":\"mjesus\",\"image\":{\"@type\":\"ImageObject\",\"inLanguage\":\"es\",\"@id\":\"https:\\\/\\\/secure.gravatar.com\\\/avatar\\\/6c2c08cfb2f5ecbf35952659564347799503b54d1d61bcb2b159c7dde6af69f4?s=96&d=mm&r=g\",\"url\":\"https:\\\/\\\/secure.gravatar.com\\\/avatar\\\/6c2c08cfb2f5ecbf35952659564347799503b54d1d61bcb2b159c7dde6af69f4?s=96&d=mm&r=g\",\"contentUrl\":\"https:\\\/\\\/secure.gravatar.com\\\/avatar\\\/6c2c08cfb2f5ecbf35952659564347799503b54d1d61bcb2b159c7dde6af69f4?s=96&d=mm&r=g\",\"caption\":\"mjesus\"},\"url\":\"http:\\\/\\\/www.mujerruralemprendedora.com\\\/es\\\/author\\\/mjesus\\\/\"}]}<\/script>\n<!-- \/ Yoast SEO plugin. -->","yoast_head_json":{"title":"AFAMMER y Bankia, juntos en el compromiso con el futuro de las mujeres rurales - Mujer Rural Emprendedora","description":"La presidenta de AFAMMER, Carmen Quintanilla, y el director Territorial de Bankia, Joaqu\u00edn Holgado, han firmado en Ciudad Real 2 convenios de colaboraci\u00f3n","robots":{"index":"index","follow":"follow","max-snippet":"max-snippet:-1","max-image-preview":"max-image-preview:large","max-video-preview":"max-video-preview:-1"},"canonical":"http:\/\/www.mujerruralemprendedora.com\/es\/afammer-y-bankia-juntos-en-el-compromiso-con-el-futuro-de-las-mujeres-rurales\/","og_locale":"es_ES","og_type":"article","og_title":"AFAMMER y Bankia, juntos en el compromiso con el futuro de las mujeres rurales - Mujer Rural Emprendedora","og_description":"La presidenta de AFAMMER, Carmen Quintanilla, y el director Territorial de Bankia, Joaqu\u00edn Holgado, han firmado en Ciudad Real 2 convenios de colaboraci\u00f3n","og_url":"http:\/\/www.mujerruralemprendedora.com\/es\/afammer-y-bankia-juntos-en-el-compromiso-con-el-futuro-de-las-mujeres-rurales\/","og_site_name":"Mujer Rural Emprendedora","article_publisher":"http:\/\/www.facebook.com\/mujerruralemprendedora","article_published_time":"2015-03-03T12:40:45+00:00","og_image":[{"width":2560,"height":1920,"url":"http:\/\/www.mujerruralemprendedora.com\/es\/wp-content\/uploads\/sites\/3\/2015\/03\/Firma-convenios2.jpg","type":"image\/jpeg"}],"author":"mjesus","twitter_misc":{"Escrito por":"mjesus","Tiempo de lectura":"2 minutos"},"schema":{"@context":"https:\/\/schema.org","@graph":[{"@type":"Article","@id":"http:\/\/www.mujerruralemprendedora.com\/es\/afammer-y-bankia-juntos-en-el-compromiso-con-el-futuro-de-las-mujeres-rurales\/#article","isPartOf":{"@id":"http:\/\/www.mujerruralemprendedora.com\/es\/afammer-y-bankia-juntos-en-el-compromiso-con-el-futuro-de-las-mujeres-rurales\/"},"author":{"name":"mjesus","@id":"http:\/\/www.mujerruralemprendedora.com\/es\/#\/schema\/person\/bef3305571cafa6b1960c301df7452ea"},"headline":"AFAMMER y Bankia, juntos en el compromiso con el futuro de las mujeres rurales","datePublished":"2015-03-03T12:40:45+00:00","mainEntityOfPage":{"@id":"http:\/\/www.mujerruralemprendedora.com\/es\/afammer-y-bankia-juntos-en-el-compromiso-con-el-futuro-de-las-mujeres-rurales\/"},"wordCount":382,"commentCount":0,"image":{"@id":"http:\/\/www.mujerruralemprendedora.com\/es\/afammer-y-bankia-juntos-en-el-compromiso-con-el-futuro-de-las-mujeres-rurales\/#primaryimage"},"thumbnailUrl":"http:\/\/www.mujerruralemprendedora.com\/es\/wp-content\/uploads\/sites\/3\/2015\/03\/Firma-convenios2.jpg","inLanguage":"es","potentialAction":[{"@type":"CommentAction","name":"Comment","target":["http:\/\/www.mujerruralemprendedora.com\/es\/afammer-y-bankia-juntos-en-el-compromiso-con-el-futuro-de-las-mujeres-rurales\/#respond"]}]},{"@type":"WebPage","@id":"http:\/\/www.mujerruralemprendedora.com\/es\/afammer-y-bankia-juntos-en-el-compromiso-con-el-futuro-de-las-mujeres-rurales\/","url":"http:\/\/www.mujerruralemprendedora.com\/es\/afammer-y-bankia-juntos-en-el-compromiso-con-el-futuro-de-las-mujeres-rurales\/","name":"AFAMMER y Bankia, juntos en el compromiso con el futuro de las mujeres rurales - Mujer Rural Emprendedora","isPartOf":{"@id":"http:\/\/www.mujerruralemprendedora.com\/es\/#website"},"primaryImageOfPage":{"@id":"http:\/\/www.mujerruralemprendedora.com\/es\/afammer-y-bankia-juntos-en-el-compromiso-con-el-futuro-de-las-mujeres-rurales\/#primaryimage"},"image":{"@id":"http:\/\/www.mujerruralemprendedora.com\/es\/afammer-y-bankia-juntos-en-el-compromiso-con-el-futuro-de-las-mujeres-rurales\/#primaryimage"},"thumbnailUrl":"http:\/\/www.mujerruralemprendedora.com\/es\/wp-content\/uploads\/sites\/3\/2015\/03\/Firma-convenios2.jpg","datePublished":"2015-03-03T12:40:45+00:00","author":{"@id":"http:\/\/www.mujerruralemprendedora.com\/es\/#\/schema\/person\/bef3305571cafa6b1960c301df7452ea"},"description":"La presidenta de AFAMMER, Carmen Quintanilla, y el director Territorial de Bankia, Joaqu\u00edn Holgado, han firmado en Ciudad Real 2 convenios de colaboraci\u00f3n","breadcrumb":{"@id":"http:\/\/www.mujerruralemprendedora.com\/es\/afammer-y-bankia-juntos-en-el-compromiso-con-el-futuro-de-las-mujeres-rurales\/#breadcrumb"},"inLanguage":"es","potentialAction":[{"@type":"ReadAction","target":["http:\/\/www.mujerruralemprendedora.com\/es\/afammer-y-bankia-juntos-en-el-compromiso-con-el-futuro-de-las-mujeres-rurales\/"]}]},{"@type":"ImageObject","inLanguage":"es","@id":"http:\/\/www.mujerruralemprendedora.com\/es\/afammer-y-bankia-juntos-en-el-compromiso-con-el-futuro-de-las-mujeres-rurales\/#primaryimage","url":"http:\/\/www.mujerruralemprendedora.com\/es\/wp-content\/uploads\/sites\/3\/2015\/03\/Firma-convenios2.jpg","contentUrl":"http:\/\/www.mujerruralemprendedora.com\/es\/wp-content\/uploads\/sites\/3\/2015\/03\/Firma-convenios2.jpg","width":2560,"height":1920},{"@type":"BreadcrumbList","@id":"http:\/\/www.mujerruralemprendedora.com\/es\/afammer-y-bankia-juntos-en-el-compromiso-con-el-futuro-de-las-mujeres-rurales\/#breadcrumb","itemListElement":[{"@type":"ListItem","position":1,"name":"Portada","item":"http:\/\/www.mujerruralemprendedora.com\/es\/"},{"@type":"ListItem","position":2,"name":"AFAMMER y Bankia, juntos en el compromiso con el futuro de las mujeres rurales"}]},{"@type":"WebSite","@id":"http:\/\/www.mujerruralemprendedora.com\/es\/#website","url":"http:\/\/www.mujerruralemprendedora.com\/es\/","name":"Mujer Rural Emprendedora","description":"Otro sitio m\u00e1s de Sitios de Mujer Rural Emprendedora","potentialAction":[{"@type":"SearchAction","target":{"@type":"EntryPoint","urlTemplate":"http:\/\/www.mujerruralemprendedora.com\/es\/?s={search_term_string}"},"query-input":{"@type":"PropertyValueSpecification","valueRequired":true,"valueName":"search_term_string"}}],"inLanguage":"es"},{"@type":"Person","@id":"http:\/\/www.mujerruralemprendedora.com\/es\/#\/schema\/person\/bef3305571cafa6b1960c301df7452ea","name":"mjesus","image":{"@type":"ImageObject","inLanguage":"es","@id":"https:\/\/secure.gravatar.com\/avatar\/6c2c08cfb2f5ecbf35952659564347799503b54d1d61bcb2b159c7dde6af69f4?s=96&d=mm&r=g","url":"https:\/\/secure.gravatar.com\/avatar\/6c2c08cfb2f5ecbf35952659564347799503b54d1d61bcb2b159c7dde6af69f4?s=96&d=mm&r=g","contentUrl":"https:\/\/secure.gravatar.com\/avatar\/6c2c08cfb2f5ecbf35952659564347799503b54d1d61bcb2b159c7dde6af69f4?s=96&d=mm&r=g","caption":"mjesus"},"url":"http:\/\/www.mujerruralemprendedora.com\/es\/author\/mjesus\/"}]}},"_links":{"self":[{"href":"http:\/\/www.mujerruralemprendedora.com\/es\/wp-json\/wp\/v2\/posts\/755","targetHints":{"allow":["GET"]}}],"collection":[{"href":"http:\/\/www.mujerruralemprendedora.com\/es\/wp-json\/wp\/v2\/posts"}],"about":[{"href":"http:\/\/www.mujerruralemprendedora.com\/es\/wp-json\/wp\/v2\/types\/post"}],"author":[{"embeddable":true,"href":"http:\/\/www.mujerruralemprendedora.com\/es\/wp-json\/wp\/v2\/users\/3"}],"replies":[{"embeddable":true,"href":"http:\/\/www.mujerruralemprendedora.com\/es\/wp-json\/wp\/v2\/comments?post=755"}],"version-history":[{"count":1,"href":"http:\/\/www.mujerruralemprendedora.com\/es\/wp-json\/wp\/v2\/posts\/755\/revisions"}],"predecessor-version":[{"id":757,"href":"http:\/\/www.mujerruralemprendedora.com\/es\/wp-json\/wp\/v2\/posts\/755\/revisions\/757"}],"wp:featuredmedia":[{"embeddable":true,"href":"http:\/\/www.mujerruralemprendedora.com\/es\/wp-json\/wp\/v2\/media\/756"}],"wp:attachment":[{"href":"http:\/\/www.mujerruralemprendedora.com\/es\/wp-json\/wp\/v2\/media?parent=755"}],"wp:term":[{"taxonomy":"category","embeddable":true,"href":"http:\/\/www.mujerruralemprendedora.com\/es\/wp-json\/wp\/v2\/categories?post=755"},{"taxonomy":"post_tag","embeddable":true,"href":"http:\/\/www.mujerruralemprendedora.com\/es\/wp-json\/wp\/v2\/tags?post=755"}],"curies":[{"name":"wp","href":"https:\/\/api.w.org\/{rel}","templated":true}]}}