{"id":910,"date":"2015-03-11T10:05:15","date_gmt":"2015-03-11T10:05:15","guid":{"rendered":"http:\/\/www.mujerruralemprendedora.com\/es\/?p=910"},"modified":"2015-03-11T10:06:12","modified_gmt":"2015-03-11T10:06:12","slug":"madrid-a-la-cabeza-en-el-sistema-de-atencion-a-la-dependencia","status":"publish","type":"post","link":"http:\/\/www.mujerruralemprendedora.com\/es\/madrid-a-la-cabeza-en-el-sistema-de-atencion-a-la-dependencia\/","title":{"rendered":"Madrid a la cabeza en el Sistema de Atenci\u00f3n a la Dependencia"},"content":{"rendered":"<p>As\u00ed se desprende de un estudio realizado por el Instituto de Mayores y Servicios Sociales ( IMSERSO) a fecha del 31 de Diciembre del 2014.<\/p>\n<p>El consejero\u00a0\u00a0de Asuntos Sociales,Jes\u00fas Fermosel, destacaba que la Comunidad de Madrid se encuentra a la cabeza en el Sistema de Atenci\u00f3n a la Dependencia. \u00a0En concreto, la regi\u00f3n es l\u00edder en Atenci\u00f3n Residencial; y segunda en Atenci\u00f3n de Centro de D\u00eda y Ayuda a Domicilio. Adem\u00e1s se\u00f1alaba que Madrid ocupa la tercera posici\u00f3n en Teleasistencia, prestaciones vinculadas al servicio (aquellas ayudas econ\u00f3micas que permiten al usuario la libre elecci\u00f3n del Centro residencial, Centro de D\u00eda o el servicio de Ayuda a Domicilio) y prestaciones econ\u00f3micas por cuidados en el entorno familiar.<\/p>\n<p>El consejero recordaba\u00a0adem\u00e1s que Madrid ha puesto en marcha un ambicioso modelo de coordinaci\u00f3n sociosanitaria, que coordina la atenci\u00f3n primaria en los servicios sociales y la atenci\u00f3n especializada \u00abque requiere cualquier enfermo cr\u00f3nico que responde al perfil de las personas dependientes\u00bb. \u00a0\u00a0 Nueve de cada 10 euros para gasto social \u00abLa Comunidad de Madrid es la que m\u00e1s dinero destina a gasto social, en concreto nueve de cada 10 euros -explic\u00f3 Fermosel&#8211;; el presupuesto regional\u00a0destinado a Dependencia ha ido creciendo cada a\u00f1o a pesar de la crisis, hasta superar este a\u00f1o los 1.000 millones de euros\u00bb.<\/p>\n<p>El n\u00famero de personas dependientes atendidas por la Comunidad de Madrid ha aumentado un 23% esta Legislatura, seg\u00fan las estad\u00edsticas del IMSERSO. A cierre de 2014, se atend\u00edan a 90.038 personas, superando la Regi\u00f3n en 11 puntos a la media nacional (94,2% frente a 83,4%).<\/p>\n<p>La Comunidad de Madrid ha ampliado en esta Legislatura su Red de Atenci\u00f3n para personas en situaci\u00f3n de dependencia en m\u00e1s de 12.000 plazas. Dicha Red est\u00e1 compuesta por m\u00e1s de 62.000 plazas y 500 centros especializados y de calidad.<\/p>\n<p>&nbsp;<\/p>\n<p>FUENTE: <a title=\"Madrid a la cabeza en atenci\u00f3n de dependencia\" href=\"http:\/\/www.europapress.es\/madrid\/noticia-fermosel-recalca-madrid-cabeza-atencion-dependencia-datos-imserso-20150310134232.html\" target=\"_blank\">Europa Press<\/a><\/p>\n","protected":false},"excerpt":{"rendered":"<p>As\u00ed se desprende de un estudio realizado por el Instituto de Mayores y Servicios Sociales ( IMSERSO) a fecha del 31 de Diciembre del 2014. El consejero\u00a0\u00a0de Asuntos Sociales,Jes\u00fas Fermosel, destacaba que la Comunidad de Madrid se encuentra a la cabeza en el Sistema de Atenci\u00f3n a la Dependencia. \u00a0En[&#8230;]<\/p>\n","protected":false},"author":3,"featured_media":0,"comment_status":"open","ping_status":"open","sticky":false,"template":"","format":"standard","meta":{"footnotes":""},"categories":[5],"tags":[],"class_list":["post-910","post","type-post","status-publish","format-standard","hentry","category-ayuda-a-domicilio"],"yoast_head":"<!-- This site is optimized with the Yoast SEO plugin v27.5 - https:\/\/yoast.com\/product\/yoast-seo-wordpress\/ -->\n<title>Madrid a la cabeza en el Sistema de Atenci\u00f3n a la Dependencia - Mujer Rural Emprendedora<\/title>\n<meta name=\"description\" content=\"la Comunidad de Madrid se encuentra a la cabeza en el Sistema de Atenci\u00f3n a la Dependencia. En concreto, la regi\u00f3n es l\u00edder en Atenci\u00f3n Residencial; y segunda en Atenci\u00f3n de Centro de D\u00eda y Ayuda a Domicilio.\" \/>\n<meta name=\"robots\" content=\"index, follow, max-snippet:-1, max-image-preview:large, max-video-preview:-1\" \/>\n<link rel=\"canonical\" href=\"http:\/\/www.mujerruralemprendedora.com\/es\/madrid-a-la-cabeza-en-el-sistema-de-atencion-a-la-dependencia\/\" \/>\n<meta property=\"og:locale\" content=\"es_ES\" \/>\n<meta property=\"og:type\" content=\"article\" \/>\n<meta property=\"og:title\" content=\"Madrid a la cabeza en el Sistema de Atenci\u00f3n a la Dependencia - Mujer Rural Emprendedora\" \/>\n<meta property=\"og:description\" content=\"la Comunidad de Madrid se encuentra a la cabeza en el Sistema de Atenci\u00f3n a la Dependencia. En concreto, la regi\u00f3n es l\u00edder en Atenci\u00f3n Residencial; y segunda en Atenci\u00f3n de Centro de D\u00eda y Ayuda a Domicilio.\" \/>\n<meta property=\"og:url\" content=\"http:\/\/www.mujerruralemprendedora.com\/es\/madrid-a-la-cabeza-en-el-sistema-de-atencion-a-la-dependencia\/\" \/>\n<meta property=\"og:site_name\" content=\"Mujer Rural Emprendedora\" \/>\n<meta property=\"article:publisher\" content=\"http:\/\/www.facebook.com\/mujerruralemprendedora\" \/>\n<meta property=\"article:published_time\" content=\"2015-03-11T10:05:15+00:00\" \/>\n<meta property=\"article:modified_time\" content=\"2015-03-11T10:06:12+00:00\" \/>\n<meta name=\"author\" content=\"mjesus\" \/>\n<meta name=\"twitter:label1\" content=\"Escrito por\" \/>\n\t<meta name=\"twitter:data1\" content=\"mjesus\" \/>\n\t<meta name=\"twitter:label2\" content=\"Tiempo de lectura\" \/>\n\t<meta name=\"twitter:data2\" content=\"2 minutos\" \/>\n<script type=\"application\/ld+json\" class=\"yoast-schema-graph\">{\"@context\":\"https:\\\/\\\/schema.org\",\"@graph\":[{\"@type\":\"Article\",\"@id\":\"http:\\\/\\\/www.mujerruralemprendedora.com\\\/es\\\/madrid-a-la-cabeza-en-el-sistema-de-atencion-a-la-dependencia\\\/#article\",\"isPartOf\":{\"@id\":\"http:\\\/\\\/www.mujerruralemprendedora.com\\\/es\\\/madrid-a-la-cabeza-en-el-sistema-de-atencion-a-la-dependencia\\\/\"},\"author\":{\"name\":\"mjesus\",\"@id\":\"http:\\\/\\\/www.mujerruralemprendedora.com\\\/es\\\/#\\\/schema\\\/person\\\/bef3305571cafa6b1960c301df7452ea\"},\"headline\":\"Madrid a la cabeza en el Sistema de Atenci\u00f3n a la Dependencia\",\"datePublished\":\"2015-03-11T10:05:15+00:00\",\"dateModified\":\"2015-03-11T10:06:12+00:00\",\"mainEntityOfPage\":{\"@id\":\"http:\\\/\\\/www.mujerruralemprendedora.com\\\/es\\\/madrid-a-la-cabeza-en-el-sistema-de-atencion-a-la-dependencia\\\/\"},\"wordCount\":333,\"commentCount\":0,\"articleSection\":[\"Ayuda a Domicilio\"],\"inLanguage\":\"es\",\"potentialAction\":[{\"@type\":\"CommentAction\",\"name\":\"Comment\",\"target\":[\"http:\\\/\\\/www.mujerruralemprendedora.com\\\/es\\\/madrid-a-la-cabeza-en-el-sistema-de-atencion-a-la-dependencia\\\/#respond\"]}]},{\"@type\":\"WebPage\",\"@id\":\"http:\\\/\\\/www.mujerruralemprendedora.com\\\/es\\\/madrid-a-la-cabeza-en-el-sistema-de-atencion-a-la-dependencia\\\/\",\"url\":\"http:\\\/\\\/www.mujerruralemprendedora.com\\\/es\\\/madrid-a-la-cabeza-en-el-sistema-de-atencion-a-la-dependencia\\\/\",\"name\":\"Madrid a la cabeza en el Sistema de Atenci\u00f3n a la Dependencia - Mujer Rural Emprendedora\",\"isPartOf\":{\"@id\":\"http:\\\/\\\/www.mujerruralemprendedora.com\\\/es\\\/#website\"},\"datePublished\":\"2015-03-11T10:05:15+00:00\",\"dateModified\":\"2015-03-11T10:06:12+00:00\",\"author\":{\"@id\":\"http:\\\/\\\/www.mujerruralemprendedora.com\\\/es\\\/#\\\/schema\\\/person\\\/bef3305571cafa6b1960c301df7452ea\"},\"description\":\"la Comunidad de Madrid se encuentra a la cabeza en el Sistema de Atenci\u00f3n a la Dependencia. En concreto, la regi\u00f3n es l\u00edder en Atenci\u00f3n Residencial; y segunda en Atenci\u00f3n de Centro de D\u00eda y Ayuda a Domicilio.\",\"breadcrumb\":{\"@id\":\"http:\\\/\\\/www.mujerruralemprendedora.com\\\/es\\\/madrid-a-la-cabeza-en-el-sistema-de-atencion-a-la-dependencia\\\/#breadcrumb\"},\"inLanguage\":\"es\",\"potentialAction\":[{\"@type\":\"ReadAction\",\"target\":[\"http:\\\/\\\/www.mujerruralemprendedora.com\\\/es\\\/madrid-a-la-cabeza-en-el-sistema-de-atencion-a-la-dependencia\\\/\"]}]},{\"@type\":\"BreadcrumbList\",\"@id\":\"http:\\\/\\\/www.mujerruralemprendedora.com\\\/es\\\/madrid-a-la-cabeza-en-el-sistema-de-atencion-a-la-dependencia\\\/#breadcrumb\",\"itemListElement\":[{\"@type\":\"ListItem\",\"position\":1,\"name\":\"Portada\",\"item\":\"http:\\\/\\\/www.mujerruralemprendedora.com\\\/es\\\/\"},{\"@type\":\"ListItem\",\"position\":2,\"name\":\"Madrid a la cabeza en el Sistema de Atenci\u00f3n a la Dependencia\"}]},{\"@type\":\"WebSite\",\"@id\":\"http:\\\/\\\/www.mujerruralemprendedora.com\\\/es\\\/#website\",\"url\":\"http:\\\/\\\/www.mujerruralemprendedora.com\\\/es\\\/\",\"name\":\"Mujer Rural Emprendedora\",\"description\":\"Otro sitio m\u00e1s de Sitios de Mujer Rural Emprendedora\",\"potentialAction\":[{\"@type\":\"SearchAction\",\"target\":{\"@type\":\"EntryPoint\",\"urlTemplate\":\"http:\\\/\\\/www.mujerruralemprendedora.com\\\/es\\\/?s={search_term_string}\"},\"query-input\":{\"@type\":\"PropertyValueSpecification\",\"valueRequired\":true,\"valueName\":\"search_term_string\"}}],\"inLanguage\":\"es\"},{\"@type\":\"Person\",\"@id\":\"http:\\\/\\\/www.mujerruralemprendedora.com\\\/es\\\/#\\\/schema\\\/person\\\/bef3305571cafa6b1960c301df7452ea\",\"name\":\"mjesus\",\"image\":{\"@type\":\"ImageObject\",\"inLanguage\":\"es\",\"@id\":\"https:\\\/\\\/secure.gravatar.com\\\/avatar\\\/6c2c08cfb2f5ecbf35952659564347799503b54d1d61bcb2b159c7dde6af69f4?s=96&d=mm&r=g\",\"url\":\"https:\\\/\\\/secure.gravatar.com\\\/avatar\\\/6c2c08cfb2f5ecbf35952659564347799503b54d1d61bcb2b159c7dde6af69f4?s=96&d=mm&r=g\",\"contentUrl\":\"https:\\\/\\\/secure.gravatar.com\\\/avatar\\\/6c2c08cfb2f5ecbf35952659564347799503b54d1d61bcb2b159c7dde6af69f4?s=96&d=mm&r=g\",\"caption\":\"mjesus\"},\"url\":\"http:\\\/\\\/www.mujerruralemprendedora.com\\\/es\\\/author\\\/mjesus\\\/\"}]}<\/script>\n<!-- \/ Yoast SEO plugin. -->","yoast_head_json":{"title":"Madrid a la cabeza en el Sistema de Atenci\u00f3n a la Dependencia - Mujer Rural Emprendedora","description":"la Comunidad de Madrid se encuentra a la cabeza en el Sistema de Atenci\u00f3n a la Dependencia. En concreto, la regi\u00f3n es l\u00edder en Atenci\u00f3n Residencial; y segunda en Atenci\u00f3n de Centro de D\u00eda y Ayuda a Domicilio.","robots":{"index":"index","follow":"follow","max-snippet":"max-snippet:-1","max-image-preview":"max-image-preview:large","max-video-preview":"max-video-preview:-1"},"canonical":"http:\/\/www.mujerruralemprendedora.com\/es\/madrid-a-la-cabeza-en-el-sistema-de-atencion-a-la-dependencia\/","og_locale":"es_ES","og_type":"article","og_title":"Madrid a la cabeza en el Sistema de Atenci\u00f3n a la Dependencia - Mujer Rural Emprendedora","og_description":"la Comunidad de Madrid se encuentra a la cabeza en el Sistema de Atenci\u00f3n a la Dependencia. En concreto, la regi\u00f3n es l\u00edder en Atenci\u00f3n Residencial; y segunda en Atenci\u00f3n de Centro de D\u00eda y Ayuda a Domicilio.","og_url":"http:\/\/www.mujerruralemprendedora.com\/es\/madrid-a-la-cabeza-en-el-sistema-de-atencion-a-la-dependencia\/","og_site_name":"Mujer Rural Emprendedora","article_publisher":"http:\/\/www.facebook.com\/mujerruralemprendedora","article_published_time":"2015-03-11T10:05:15+00:00","article_modified_time":"2015-03-11T10:06:12+00:00","author":"mjesus","twitter_misc":{"Escrito por":"mjesus","Tiempo de lectura":"2 minutos"},"schema":{"@context":"https:\/\/schema.org","@graph":[{"@type":"Article","@id":"http:\/\/www.mujerruralemprendedora.com\/es\/madrid-a-la-cabeza-en-el-sistema-de-atencion-a-la-dependencia\/#article","isPartOf":{"@id":"http:\/\/www.mujerruralemprendedora.com\/es\/madrid-a-la-cabeza-en-el-sistema-de-atencion-a-la-dependencia\/"},"author":{"name":"mjesus","@id":"http:\/\/www.mujerruralemprendedora.com\/es\/#\/schema\/person\/bef3305571cafa6b1960c301df7452ea"},"headline":"Madrid a la cabeza en el Sistema de Atenci\u00f3n a la Dependencia","datePublished":"2015-03-11T10:05:15+00:00","dateModified":"2015-03-11T10:06:12+00:00","mainEntityOfPage":{"@id":"http:\/\/www.mujerruralemprendedora.com\/es\/madrid-a-la-cabeza-en-el-sistema-de-atencion-a-la-dependencia\/"},"wordCount":333,"commentCount":0,"articleSection":["Ayuda a Domicilio"],"inLanguage":"es","potentialAction":[{"@type":"CommentAction","name":"Comment","target":["http:\/\/www.mujerruralemprendedora.com\/es\/madrid-a-la-cabeza-en-el-sistema-de-atencion-a-la-dependencia\/#respond"]}]},{"@type":"WebPage","@id":"http:\/\/www.mujerruralemprendedora.com\/es\/madrid-a-la-cabeza-en-el-sistema-de-atencion-a-la-dependencia\/","url":"http:\/\/www.mujerruralemprendedora.com\/es\/madrid-a-la-cabeza-en-el-sistema-de-atencion-a-la-dependencia\/","name":"Madrid a la cabeza en el Sistema de Atenci\u00f3n a la Dependencia - Mujer Rural Emprendedora","isPartOf":{"@id":"http:\/\/www.mujerruralemprendedora.com\/es\/#website"},"datePublished":"2015-03-11T10:05:15+00:00","dateModified":"2015-03-11T10:06:12+00:00","author":{"@id":"http:\/\/www.mujerruralemprendedora.com\/es\/#\/schema\/person\/bef3305571cafa6b1960c301df7452ea"},"description":"la Comunidad de Madrid se encuentra a la cabeza en el Sistema de Atenci\u00f3n a la Dependencia. En concreto, la regi\u00f3n es l\u00edder en Atenci\u00f3n Residencial; y segunda en Atenci\u00f3n de Centro de D\u00eda y Ayuda a Domicilio.","breadcrumb":{"@id":"http:\/\/www.mujerruralemprendedora.com\/es\/madrid-a-la-cabeza-en-el-sistema-de-atencion-a-la-dependencia\/#breadcrumb"},"inLanguage":"es","potentialAction":[{"@type":"ReadAction","target":["http:\/\/www.mujerruralemprendedora.com\/es\/madrid-a-la-cabeza-en-el-sistema-de-atencion-a-la-dependencia\/"]}]},{"@type":"BreadcrumbList","@id":"http:\/\/www.mujerruralemprendedora.com\/es\/madrid-a-la-cabeza-en-el-sistema-de-atencion-a-la-dependencia\/#breadcrumb","itemListElement":[{"@type":"ListItem","position":1,"name":"Portada","item":"http:\/\/www.mujerruralemprendedora.com\/es\/"},{"@type":"ListItem","position":2,"name":"Madrid a la cabeza en el Sistema de Atenci\u00f3n a la Dependencia"}]},{"@type":"WebSite","@id":"http:\/\/www.mujerruralemprendedora.com\/es\/#website","url":"http:\/\/www.mujerruralemprendedora.com\/es\/","name":"Mujer Rural Emprendedora","description":"Otro sitio m\u00e1s de Sitios de Mujer Rural Emprendedora","potentialAction":[{"@type":"SearchAction","target":{"@type":"EntryPoint","urlTemplate":"http:\/\/www.mujerruralemprendedora.com\/es\/?s={search_term_string}"},"query-input":{"@type":"PropertyValueSpecification","valueRequired":true,"valueName":"search_term_string"}}],"inLanguage":"es"},{"@type":"Person","@id":"http:\/\/www.mujerruralemprendedora.com\/es\/#\/schema\/person\/bef3305571cafa6b1960c301df7452ea","name":"mjesus","image":{"@type":"ImageObject","inLanguage":"es","@id":"https:\/\/secure.gravatar.com\/avatar\/6c2c08cfb2f5ecbf35952659564347799503b54d1d61bcb2b159c7dde6af69f4?s=96&d=mm&r=g","url":"https:\/\/secure.gravatar.com\/avatar\/6c2c08cfb2f5ecbf35952659564347799503b54d1d61bcb2b159c7dde6af69f4?s=96&d=mm&r=g","contentUrl":"https:\/\/secure.gravatar.com\/avatar\/6c2c08cfb2f5ecbf35952659564347799503b54d1d61bcb2b159c7dde6af69f4?s=96&d=mm&r=g","caption":"mjesus"},"url":"http:\/\/www.mujerruralemprendedora.com\/es\/author\/mjesus\/"}]}},"_links":{"self":[{"href":"http:\/\/www.mujerruralemprendedora.com\/es\/wp-json\/wp\/v2\/posts\/910","targetHints":{"allow":["GET"]}}],"collection":[{"href":"http:\/\/www.mujerruralemprendedora.com\/es\/wp-json\/wp\/v2\/posts"}],"about":[{"href":"http:\/\/www.mujerruralemprendedora.com\/es\/wp-json\/wp\/v2\/types\/post"}],"author":[{"embeddable":true,"href":"http:\/\/www.mujerruralemprendedora.com\/es\/wp-json\/wp\/v2\/users\/3"}],"replies":[{"embeddable":true,"href":"http:\/\/www.mujerruralemprendedora.com\/es\/wp-json\/wp\/v2\/comments?post=910"}],"version-history":[{"count":2,"href":"http:\/\/www.mujerruralemprendedora.com\/es\/wp-json\/wp\/v2\/posts\/910\/revisions"}],"predecessor-version":[{"id":912,"href":"http:\/\/www.mujerruralemprendedora.com\/es\/wp-json\/wp\/v2\/posts\/910\/revisions\/912"}],"wp:attachment":[{"href":"http:\/\/www.mujerruralemprendedora.com\/es\/wp-json\/wp\/v2\/media?parent=910"}],"wp:term":[{"taxonomy":"category","embeddable":true,"href":"http:\/\/www.mujerruralemprendedora.com\/es\/wp-json\/wp\/v2\/categories?post=910"},{"taxonomy":"post_tag","embeddable":true,"href":"http:\/\/www.mujerruralemprendedora.com\/es\/wp-json\/wp\/v2\/tags?post=910"}],"curies":[{"name":"wp","href":"https:\/\/api.w.org\/{rel}","templated":true}]}}